{"id":3794,"date":"2023-09-11T21:44:28","date_gmt":"2023-09-11T18:44:28","guid":{"rendered":"http:\/\/amiciimuzeuluizalau.ro\/croco\/?p=3794"},"modified":"2023-09-11T21:45:19","modified_gmt":"2023-09-11T18:45:19","slug":"legiunile-romane-se-intorc-acasa-la-porolissvm","status":"publish","type":"post","link":"https:\/\/amiciimuzeuluizalau.ro\/croco\/legiunile-romane-se-intorc-acasa-la-porolissvm\/","title":{"rendered":"LEGIUNILE ROMANE SE \u00ceNTORC ACAS\u0102\u2026 LA POROLISSVM!"},"content":{"rendered":"<p><strong>Evenimentul va avea loc \u00een data de 24 septembrie 2023 (duminic\u0103), \u00een situl arheologic Porolissvm, \u00eencep\u00e2nd cu ora 12.00.<\/strong><\/p>\n<p>Taberele de reconstituire istoric\u0103 vor fi instalate \u00een incinta castrului roman, l\u00e2ng\u0103 Porta Praetoria! Pentru dumneavoastr\u0103 am preg\u0103tit o serie de activit\u0103\u021bi atractive \u0219i interactive: prezent\u0103ri de echipamente istorice, scene de lupt\u0103, antrenamente ale solda\u021bilor, tir cu arcul tradi\u021bional, jocurile \u00een antichitate, me\u0219te\u0219uguri, \u0219coala \u0219i educa\u021bia. Desigur, nu va lipsi degustarea m\u00e2nc\u0103rii romane, g\u0103tit\u0103 dup\u0103 celebrele re\u021bete ale lui Apicius!<\/p>\n<p>Activit\u0103\u021bile propuse sunt parte component\u0103 a proiectului <strong><em>Porolissvm: prietenul tinerilor<\/em><\/strong> (finan\u021bat de c\u0103tre <a href=\"https:\/\/www.cjsj.ro\/\" target=\"_blank\" rel=\"noopener\">Consiliul Jude\u021bean S\u0103laj<\/a>) care are ca scop principal, promovarea patrimoniului istoric antic s\u0103l\u0103jean. De asemenea, evenimentul se \u00eenscrie \u00een spiritul programului <em>Luna patrimoniului<\/em> (coordonat de c\u0103tre <a href=\"https:\/\/muzeuzalau.ro\/\" target=\"_blank\" rel=\"noopener\">Muzeul Jude\u021bean de Istorie \u0219i Art\u0103 Zal\u0103u<\/a>).<\/p>\n<p>Accesul publicului la acest eveniment se va face pe baza biletului de intrare \u00een complexul arheologic (pre\u021b bilet adult 10 lei, pre\u021b bilet elev\/student\/pensionar 5 lei, copiii cu v\u00e2rsta sub 7 ani au acces gratuit).<\/p>\n<p>Vom reveni cu detalii privind programul activit\u0103\u021bilor. Urm\u0103ri\u021bi post\u0103rile legate de acest eveniment!<\/p>\n<p>V\u0103 a\u0219tept\u0103m cu drag!<\/p>\n<p><strong>AVE POROLISSVM!<\/strong><\/p>\n<p>&nbsp;<\/p>\n","protected":false},"excerpt":{"rendered":"<p>Evenimentul va avea loc &icirc;n data de 24 septembrie 2023 [&hellip;]<\/p>\n","protected":false},"author":1,"featured_media":3795,"comment_status":"closed","ping_status":"open","sticky":false,"template":"","format":"standard","meta":{"ngg_post_thumbnail":0,"footnotes":""},"categories":[7,5,4],"tags":[157,54,158,155],"class_list":["post-3794","post","type-post","status-publish","format-standard","has-post-thumbnail","hentry","category-acasa","category-diverse","category-evenimente","tag-eveniment","tag-porolissum","tag-prieten","tag-tineri"],"yoast_head":"<!-- This site is optimized with the Yoast SEO plugin v27.0 - https:\/\/yoast.com\/product\/yoast-seo-wordpress\/ -->\n<title>LEGIUNILE ROMANE SE \u00ceNTORC ACAS\u0102\u2026 LA POROLISSVM! - ASOCIA\u021aIA AMICII MUZEULUI - ZAL\u0102U<\/title>\n<meta name=\"description\" content=\"Taberele de reconstituire istoric\u0103 vor fi instalate \u00een incinta castrului roman, l\u00e2ng\u0103 Porta Praetoria! Pentru dumneavoastr\u0103 am preg\u0103tit\" \/>\n<meta name=\"robots\" content=\"index, follow, max-snippet:-1, max-image-preview:large, max-video-preview:-1\" \/>\n<link rel=\"canonical\" href=\"https:\/\/amiciimuzeuluizalau.ro\/croco\/legiunile-romane-se-intorc-acasa-la-porolissvm\/\" \/>\n<meta property=\"og:locale\" content=\"ro_RO\" \/>\n<meta property=\"og:type\" content=\"article\" \/>\n<meta property=\"og:title\" content=\"LEGIUNILE ROMANE SE \u00ceNTORC ACAS\u0102\u2026 LA POROLISSVM! - ASOCIA\u021aIA AMICII MUZEULUI - ZAL\u0102U\" \/>\n<meta property=\"og:description\" content=\"Taberele de reconstituire istoric\u0103 vor fi instalate \u00een incinta castrului roman, l\u00e2ng\u0103 Porta Praetoria! Pentru dumneavoastr\u0103 am preg\u0103tit\" \/>\n<meta property=\"og:url\" content=\"https:\/\/amiciimuzeuluizalau.ro\/croco\/legiunile-romane-se-intorc-acasa-la-porolissvm\/\" \/>\n<meta property=\"og:site_name\" content=\"ASOCIA\u021aIA AMICII MUZEULUI - ZAL\u0102U\" \/>\n<meta property=\"article:published_time\" content=\"2023-09-11T18:44:28+00:00\" \/>\n<meta property=\"article:modified_time\" content=\"2023-09-11T18:45:19+00:00\" \/>\n<meta property=\"og:image\" content=\"https:\/\/amiciimuzeuluizalau.ro\/croco\/wp-content\/uploads\/2023\/09\/Porolissum-1.jpg\" \/>\n\t<meta property=\"og:image:width\" content=\"2048\" \/>\n\t<meta property=\"og:image:height\" content=\"1366\" \/>\n\t<meta property=\"og:image:type\" content=\"image\/jpeg\" \/>\n<meta name=\"author\" content=\"Decebal\" \/>\n<meta name=\"twitter:label1\" content=\"Scris de\" \/>\n\t<meta name=\"twitter:data1\" content=\"Decebal\" \/>\n\t<meta name=\"twitter:label2\" content=\"Timp estimat pentru citire\" \/>\n\t<meta name=\"twitter:data2\" content=\"1 minut\" \/>\n<script type=\"application\/ld+json\" class=\"yoast-schema-graph\">{\"@context\":\"https:\/\/schema.org\",\"@graph\":[{\"@type\":\"Article\",\"@id\":\"https:\/\/amiciimuzeuluizalau.ro\/croco\/legiunile-romane-se-intorc-acasa-la-porolissvm\/#article\",\"isPartOf\":{\"@id\":\"https:\/\/amiciimuzeuluizalau.ro\/croco\/legiunile-romane-se-intorc-acasa-la-porolissvm\/\"},\"author\":{\"name\":\"Decebal\",\"@id\":\"https:\/\/amiciimuzeuluizalau.ro\/croco\/#\/schema\/person\/6c53bb3e1c6de5ef675f935f5d043280\"},\"headline\":\"LEGIUNILE ROMANE SE \u00ceNTORC ACAS\u0102\u2026 LA POROLISSVM!\",\"datePublished\":\"2023-09-11T18:44:28+00:00\",\"dateModified\":\"2023-09-11T18:45:19+00:00\",\"mainEntityOfPage\":{\"@id\":\"https:\/\/amiciimuzeuluizalau.ro\/croco\/legiunile-romane-se-intorc-acasa-la-porolissvm\/\"},\"wordCount\":214,\"publisher\":{\"@id\":\"https:\/\/amiciimuzeuluizalau.ro\/croco\/#organization\"},\"image\":{\"@id\":\"https:\/\/amiciimuzeuluizalau.ro\/croco\/legiunile-romane-se-intorc-acasa-la-porolissvm\/#primaryimage\"},\"thumbnailUrl\":\"https:\/\/amiciimuzeuluizalau.ro\/croco\/wp-content\/uploads\/2023\/09\/Porolissum-1.jpg\",\"keywords\":[\"eveniment\",\"Porolissum\",\"prieten\",\"tineri\"],\"articleSection\":[\"Acasa\",\"Diverse\",\"Evenimente\"],\"inLanguage\":\"ro-RO\"},{\"@type\":\"WebPage\",\"@id\":\"https:\/\/amiciimuzeuluizalau.ro\/croco\/legiunile-romane-se-intorc-acasa-la-porolissvm\/\",\"url\":\"https:\/\/amiciimuzeuluizalau.ro\/croco\/legiunile-romane-se-intorc-acasa-la-porolissvm\/\",\"name\":\"LEGIUNILE ROMANE SE \u00ceNTORC ACAS\u0102\u2026 LA POROLISSVM! - ASOCIA\u021aIA AMICII MUZEULUI - ZAL\u0102U\",\"isPartOf\":{\"@id\":\"https:\/\/amiciimuzeuluizalau.ro\/croco\/#website\"},\"primaryImageOfPage\":{\"@id\":\"https:\/\/amiciimuzeuluizalau.ro\/croco\/legiunile-romane-se-intorc-acasa-la-porolissvm\/#primaryimage\"},\"image\":{\"@id\":\"https:\/\/amiciimuzeuluizalau.ro\/croco\/legiunile-romane-se-intorc-acasa-la-porolissvm\/#primaryimage\"},\"thumbnailUrl\":\"https:\/\/amiciimuzeuluizalau.ro\/croco\/wp-content\/uploads\/2023\/09\/Porolissum-1.jpg\",\"datePublished\":\"2023-09-11T18:44:28+00:00\",\"dateModified\":\"2023-09-11T18:45:19+00:00\",\"description\":\"Taberele de reconstituire istoric\u0103 vor fi instalate \u00een incinta castrului roman, l\u00e2ng\u0103 Porta Praetoria! Pentru dumneavoastr\u0103 am preg\u0103tit\",\"breadcrumb\":{\"@id\":\"https:\/\/amiciimuzeuluizalau.ro\/croco\/legiunile-romane-se-intorc-acasa-la-porolissvm\/#breadcrumb\"},\"inLanguage\":\"ro-RO\",\"potentialAction\":[{\"@type\":\"ReadAction\",\"target\":[\"https:\/\/amiciimuzeuluizalau.ro\/croco\/legiunile-romane-se-intorc-acasa-la-porolissvm\/\"]}]},{\"@type\":\"ImageObject\",\"inLanguage\":\"ro-RO\",\"@id\":\"https:\/\/amiciimuzeuluizalau.ro\/croco\/legiunile-romane-se-intorc-acasa-la-porolissvm\/#primaryimage\",\"url\":\"https:\/\/amiciimuzeuluizalau.ro\/croco\/wp-content\/uploads\/2023\/09\/Porolissum-1.jpg\",\"contentUrl\":\"https:\/\/amiciimuzeuluizalau.ro\/croco\/wp-content\/uploads\/2023\/09\/Porolissum-1.jpg\",\"width\":2048,\"height\":1366},{\"@type\":\"BreadcrumbList\",\"@id\":\"https:\/\/amiciimuzeuluizalau.ro\/croco\/legiunile-romane-se-intorc-acasa-la-porolissvm\/#breadcrumb\",\"itemListElement\":[{\"@type\":\"ListItem\",\"position\":1,\"name\":\"Home\",\"item\":\"https:\/\/amiciimuzeuluizalau.ro\/croco\/\"},{\"@type\":\"ListItem\",\"position\":2,\"name\":\"LEGIUNILE ROMANE SE \u00ceNTORC ACAS\u0102\u2026 LA POROLISSVM!\"}]},{\"@type\":\"WebSite\",\"@id\":\"https:\/\/amiciimuzeuluizalau.ro\/croco\/#website\",\"url\":\"https:\/\/amiciimuzeuluizalau.ro\/croco\/\",\"name\":\"ASOCIA\u021aIA AMICII MUZEULUI - ZAL\u0102U\",\"description\":\"EDUCA\u021aIE PRIN ISTORIE\",\"publisher\":{\"@id\":\"https:\/\/amiciimuzeuluizalau.ro\/croco\/#organization\"},\"potentialAction\":[{\"@type\":\"SearchAction\",\"target\":{\"@type\":\"EntryPoint\",\"urlTemplate\":\"https:\/\/amiciimuzeuluizalau.ro\/croco\/?s={search_term_string}\"},\"query-input\":{\"@type\":\"PropertyValueSpecification\",\"valueRequired\":true,\"valueName\":\"search_term_string\"}}],\"inLanguage\":\"ro-RO\"},{\"@type\":\"Organization\",\"@id\":\"https:\/\/amiciimuzeuluizalau.ro\/croco\/#organization\",\"name\":\"Asocia\u021bia Amicii Muzeului Zal\u0103u\",\"url\":\"https:\/\/amiciimuzeuluizalau.ro\/croco\/\",\"logo\":{\"@type\":\"ImageObject\",\"inLanguage\":\"ro-RO\",\"@id\":\"https:\/\/amiciimuzeuluizalau.ro\/croco\/#\/schema\/logo\/image\/\",\"url\":\"http:\/\/amiciimuzeuluizalau.ro\/croco\/wp-content\/uploads\/2014\/11\/sigla_final-011.jpg\",\"contentUrl\":\"http:\/\/amiciimuzeuluizalau.ro\/croco\/wp-content\/uploads\/2014\/11\/sigla_final-011.jpg\",\"width\":3508,\"height\":2480,\"caption\":\"Asocia\u021bia Amicii Muzeului Zal\u0103u\"},\"image\":{\"@id\":\"https:\/\/amiciimuzeuluizalau.ro\/croco\/#\/schema\/logo\/image\/\"}},{\"@type\":\"Person\",\"@id\":\"https:\/\/amiciimuzeuluizalau.ro\/croco\/#\/schema\/person\/6c53bb3e1c6de5ef675f935f5d043280\",\"name\":\"Decebal\",\"image\":{\"@type\":\"ImageObject\",\"inLanguage\":\"ro-RO\",\"@id\":\"https:\/\/amiciimuzeuluizalau.ro\/croco\/#\/schema\/person\/image\/\",\"url\":\"https:\/\/secure.gravatar.com\/avatar\/806973ced08ef762c11b3548d8ca214c9a6110fb3cabafbe85f7ed26ac08678b?s=96&d=identicon&r=g\",\"contentUrl\":\"https:\/\/secure.gravatar.com\/avatar\/806973ced08ef762c11b3548d8ca214c9a6110fb3cabafbe85f7ed26ac08678b?s=96&d=identicon&r=g\",\"caption\":\"Decebal\"},\"url\":\"https:\/\/amiciimuzeuluizalau.ro\/croco\/author\/croco\/\"}]}<\/script>\n<!-- \/ Yoast SEO plugin. -->","yoast_head_json":{"title":"LEGIUNILE ROMANE SE \u00ceNTORC ACAS\u0102\u2026 LA POROLISSVM! - ASOCIA\u021aIA AMICII MUZEULUI - ZAL\u0102U","description":"Taberele de reconstituire istoric\u0103 vor fi instalate \u00een incinta castrului roman, l\u00e2ng\u0103 Porta Praetoria! Pentru dumneavoastr\u0103 am preg\u0103tit","robots":{"index":"index","follow":"follow","max-snippet":"max-snippet:-1","max-image-preview":"max-image-preview:large","max-video-preview":"max-video-preview:-1"},"canonical":"https:\/\/amiciimuzeuluizalau.ro\/croco\/legiunile-romane-se-intorc-acasa-la-porolissvm\/","og_locale":"ro_RO","og_type":"article","og_title":"LEGIUNILE ROMANE SE \u00ceNTORC ACAS\u0102\u2026 LA POROLISSVM! - ASOCIA\u021aIA AMICII MUZEULUI - ZAL\u0102U","og_description":"Taberele de reconstituire istoric\u0103 vor fi instalate \u00een incinta castrului roman, l\u00e2ng\u0103 Porta Praetoria! Pentru dumneavoastr\u0103 am preg\u0103tit","og_url":"https:\/\/amiciimuzeuluizalau.ro\/croco\/legiunile-romane-se-intorc-acasa-la-porolissvm\/","og_site_name":"ASOCIA\u021aIA AMICII MUZEULUI - ZAL\u0102U","article_published_time":"2023-09-11T18:44:28+00:00","article_modified_time":"2023-09-11T18:45:19+00:00","og_image":[{"width":2048,"height":1366,"url":"https:\/\/amiciimuzeuluizalau.ro\/croco\/wp-content\/uploads\/2023\/09\/Porolissum-1.jpg","type":"image\/jpeg"}],"author":"Decebal","twitter_misc":{"Scris de":"Decebal","Timp estimat pentru citire":"1 minut"},"schema":{"@context":"https:\/\/schema.org","@graph":[{"@type":"Article","@id":"https:\/\/amiciimuzeuluizalau.ro\/croco\/legiunile-romane-se-intorc-acasa-la-porolissvm\/#article","isPartOf":{"@id":"https:\/\/amiciimuzeuluizalau.ro\/croco\/legiunile-romane-se-intorc-acasa-la-porolissvm\/"},"author":{"name":"Decebal","@id":"https:\/\/amiciimuzeuluizalau.ro\/croco\/#\/schema\/person\/6c53bb3e1c6de5ef675f935f5d043280"},"headline":"LEGIUNILE ROMANE SE \u00ceNTORC ACAS\u0102\u2026 LA POROLISSVM!","datePublished":"2023-09-11T18:44:28+00:00","dateModified":"2023-09-11T18:45:19+00:00","mainEntityOfPage":{"@id":"https:\/\/amiciimuzeuluizalau.ro\/croco\/legiunile-romane-se-intorc-acasa-la-porolissvm\/"},"wordCount":214,"publisher":{"@id":"https:\/\/amiciimuzeuluizalau.ro\/croco\/#organization"},"image":{"@id":"https:\/\/amiciimuzeuluizalau.ro\/croco\/legiunile-romane-se-intorc-acasa-la-porolissvm\/#primaryimage"},"thumbnailUrl":"https:\/\/amiciimuzeuluizalau.ro\/croco\/wp-content\/uploads\/2023\/09\/Porolissum-1.jpg","keywords":["eveniment","Porolissum","prieten","tineri"],"articleSection":["Acasa","Diverse","Evenimente"],"inLanguage":"ro-RO"},{"@type":"WebPage","@id":"https:\/\/amiciimuzeuluizalau.ro\/croco\/legiunile-romane-se-intorc-acasa-la-porolissvm\/","url":"https:\/\/amiciimuzeuluizalau.ro\/croco\/legiunile-romane-se-intorc-acasa-la-porolissvm\/","name":"LEGIUNILE ROMANE SE \u00ceNTORC ACAS\u0102\u2026 LA POROLISSVM! - ASOCIA\u021aIA AMICII MUZEULUI - ZAL\u0102U","isPartOf":{"@id":"https:\/\/amiciimuzeuluizalau.ro\/croco\/#website"},"primaryImageOfPage":{"@id":"https:\/\/amiciimuzeuluizalau.ro\/croco\/legiunile-romane-se-intorc-acasa-la-porolissvm\/#primaryimage"},"image":{"@id":"https:\/\/amiciimuzeuluizalau.ro\/croco\/legiunile-romane-se-intorc-acasa-la-porolissvm\/#primaryimage"},"thumbnailUrl":"https:\/\/amiciimuzeuluizalau.ro\/croco\/wp-content\/uploads\/2023\/09\/Porolissum-1.jpg","datePublished":"2023-09-11T18:44:28+00:00","dateModified":"2023-09-11T18:45:19+00:00","description":"Taberele de reconstituire istoric\u0103 vor fi instalate \u00een incinta castrului roman, l\u00e2ng\u0103 Porta Praetoria! Pentru dumneavoastr\u0103 am preg\u0103tit","breadcrumb":{"@id":"https:\/\/amiciimuzeuluizalau.ro\/croco\/legiunile-romane-se-intorc-acasa-la-porolissvm\/#breadcrumb"},"inLanguage":"ro-RO","potentialAction":[{"@type":"ReadAction","target":["https:\/\/amiciimuzeuluizalau.ro\/croco\/legiunile-romane-se-intorc-acasa-la-porolissvm\/"]}]},{"@type":"ImageObject","inLanguage":"ro-RO","@id":"https:\/\/amiciimuzeuluizalau.ro\/croco\/legiunile-romane-se-intorc-acasa-la-porolissvm\/#primaryimage","url":"https:\/\/amiciimuzeuluizalau.ro\/croco\/wp-content\/uploads\/2023\/09\/Porolissum-1.jpg","contentUrl":"https:\/\/amiciimuzeuluizalau.ro\/croco\/wp-content\/uploads\/2023\/09\/Porolissum-1.jpg","width":2048,"height":1366},{"@type":"BreadcrumbList","@id":"https:\/\/amiciimuzeuluizalau.ro\/croco\/legiunile-romane-se-intorc-acasa-la-porolissvm\/#breadcrumb","itemListElement":[{"@type":"ListItem","position":1,"name":"Home","item":"https:\/\/amiciimuzeuluizalau.ro\/croco\/"},{"@type":"ListItem","position":2,"name":"LEGIUNILE ROMANE SE \u00ceNTORC ACAS\u0102\u2026 LA POROLISSVM!"}]},{"@type":"WebSite","@id":"https:\/\/amiciimuzeuluizalau.ro\/croco\/#website","url":"https:\/\/amiciimuzeuluizalau.ro\/croco\/","name":"ASOCIA\u021aIA AMICII MUZEULUI - ZAL\u0102U","description":"EDUCA\u021aIE PRIN ISTORIE","publisher":{"@id":"https:\/\/amiciimuzeuluizalau.ro\/croco\/#organization"},"potentialAction":[{"@type":"SearchAction","target":{"@type":"EntryPoint","urlTemplate":"https:\/\/amiciimuzeuluizalau.ro\/croco\/?s={search_term_string}"},"query-input":{"@type":"PropertyValueSpecification","valueRequired":true,"valueName":"search_term_string"}}],"inLanguage":"ro-RO"},{"@type":"Organization","@id":"https:\/\/amiciimuzeuluizalau.ro\/croco\/#organization","name":"Asocia\u021bia Amicii Muzeului Zal\u0103u","url":"https:\/\/amiciimuzeuluizalau.ro\/croco\/","logo":{"@type":"ImageObject","inLanguage":"ro-RO","@id":"https:\/\/amiciimuzeuluizalau.ro\/croco\/#\/schema\/logo\/image\/","url":"http:\/\/amiciimuzeuluizalau.ro\/croco\/wp-content\/uploads\/2014\/11\/sigla_final-011.jpg","contentUrl":"http:\/\/amiciimuzeuluizalau.ro\/croco\/wp-content\/uploads\/2014\/11\/sigla_final-011.jpg","width":3508,"height":2480,"caption":"Asocia\u021bia Amicii Muzeului Zal\u0103u"},"image":{"@id":"https:\/\/amiciimuzeuluizalau.ro\/croco\/#\/schema\/logo\/image\/"}},{"@type":"Person","@id":"https:\/\/amiciimuzeuluizalau.ro\/croco\/#\/schema\/person\/6c53bb3e1c6de5ef675f935f5d043280","name":"Decebal","image":{"@type":"ImageObject","inLanguage":"ro-RO","@id":"https:\/\/amiciimuzeuluizalau.ro\/croco\/#\/schema\/person\/image\/","url":"https:\/\/secure.gravatar.com\/avatar\/806973ced08ef762c11b3548d8ca214c9a6110fb3cabafbe85f7ed26ac08678b?s=96&d=identicon&r=g","contentUrl":"https:\/\/secure.gravatar.com\/avatar\/806973ced08ef762c11b3548d8ca214c9a6110fb3cabafbe85f7ed26ac08678b?s=96&d=identicon&r=g","caption":"Decebal"},"url":"https:\/\/amiciimuzeuluizalau.ro\/croco\/author\/croco\/"}]}},"_links":{"self":[{"href":"https:\/\/amiciimuzeuluizalau.ro\/croco\/wp-json\/wp\/v2\/posts\/3794","targetHints":{"allow":["GET"]}}],"collection":[{"href":"https:\/\/amiciimuzeuluizalau.ro\/croco\/wp-json\/wp\/v2\/posts"}],"about":[{"href":"https:\/\/amiciimuzeuluizalau.ro\/croco\/wp-json\/wp\/v2\/types\/post"}],"author":[{"embeddable":true,"href":"https:\/\/amiciimuzeuluizalau.ro\/croco\/wp-json\/wp\/v2\/users\/1"}],"replies":[{"embeddable":true,"href":"https:\/\/amiciimuzeuluizalau.ro\/croco\/wp-json\/wp\/v2\/comments?post=3794"}],"version-history":[{"count":1,"href":"https:\/\/amiciimuzeuluizalau.ro\/croco\/wp-json\/wp\/v2\/posts\/3794\/revisions"}],"predecessor-version":[{"id":3796,"href":"https:\/\/amiciimuzeuluizalau.ro\/croco\/wp-json\/wp\/v2\/posts\/3794\/revisions\/3796"}],"wp:featuredmedia":[{"embeddable":true,"href":"https:\/\/amiciimuzeuluizalau.ro\/croco\/wp-json\/wp\/v2\/media\/3795"}],"wp:attachment":[{"href":"https:\/\/amiciimuzeuluizalau.ro\/croco\/wp-json\/wp\/v2\/media?parent=3794"}],"wp:term":[{"taxonomy":"category","embeddable":true,"href":"https:\/\/amiciimuzeuluizalau.ro\/croco\/wp-json\/wp\/v2\/categories?post=3794"},{"taxonomy":"post_tag","embeddable":true,"href":"https:\/\/amiciimuzeuluizalau.ro\/croco\/wp-json\/wp\/v2\/tags?post=3794"}],"curies":[{"name":"wp","href":"https:\/\/api.w.org\/{rel}","templated":true}]}}