{"id":3837,"date":"2024-09-22T10:00:43","date_gmt":"2024-09-22T07:00:43","guid":{"rendered":"https:\/\/amiciimuzeuluizalau.ro\/croco\/?p=3837"},"modified":"2024-09-22T10:00:43","modified_gmt":"2024-09-22T07:00:43","slug":"ave-porolissvm-2","status":"publish","type":"post","link":"http:\/\/amiciimuzeuluizalau.ro\/croco\/ave-porolissvm-2\/","title":{"rendered":"AVE POROLISSVM!"},"content":{"rendered":"<p>Programul activit\u0103\u021bilor de reconstituire istoric\u0103 pe care le va derula Asocia\u021bia Amicii Muzeului, 29 septembrie 2024 (duminic\u0103), \u00een Complexul Arheologic Porolissum (\u00een incinta castrului roman). Al\u0103turi de noi vor fi \u0219i r\u0103zboinicii c\u0103l\u0103ri, prietenii de la Asocia\u021bia Vulturii din \u021aara C\u0103latei!<\/p>\n<p>Activit\u0103\u021bile de reconstituire istoric\u0103 \u0219i atelierele interactive vor func\u021biona pe toat\u0103 durata programului (orele 12.00 \u2013 16.00)!<\/p>\n<p>Acestea sunt parte component\u0103 a proiectului <em>Porolissvm: prietenul tinerilor<\/em>. <em>Edi\u021bia II <\/em>(finan\u021bat de c\u0103tre Consiliul Jude\u021bean S\u0103laj) care are ca scop principal, promovarea patrimoniului istoric antic s\u0103l\u0103jean.<\/p>\n<p>V\u0103 a\u0219tept\u0103m cu drag!<\/p>\n<p><a href=\"http:\/\/amiciimuzeuluizalau.ro\/croco\/wp-content\/uploads\/2024\/09\/WhatsApp-Image-2024-09-22-at-09.52.27.jpeg\"><img loading=\"lazy\" decoding=\"async\" class=\"aligncenter wp-image-3839 size-full\" src=\"http:\/\/amiciimuzeuluizalau.ro\/croco\/wp-content\/uploads\/2024\/09\/WhatsApp-Image-2024-09-22-at-09.52.27.jpeg\" alt=\"\" width=\"1162\" height=\"1600\" srcset=\"http:\/\/amiciimuzeuluizalau.ro\/croco\/wp-content\/uploads\/2024\/09\/WhatsApp-Image-2024-09-22-at-09.52.27.jpeg 1162w, http:\/\/amiciimuzeuluizalau.ro\/croco\/wp-content\/uploads\/2024\/09\/WhatsApp-Image-2024-09-22-at-09.52.27-436x600.jpeg 436w, http:\/\/amiciimuzeuluizalau.ro\/croco\/wp-content\/uploads\/2024\/09\/WhatsApp-Image-2024-09-22-at-09.52.27-744x1024.jpeg 744w, http:\/\/amiciimuzeuluizalau.ro\/croco\/wp-content\/uploads\/2024\/09\/WhatsApp-Image-2024-09-22-at-09.52.27-768x1057.jpeg 768w, http:\/\/amiciimuzeuluizalau.ro\/croco\/wp-content\/uploads\/2024\/09\/WhatsApp-Image-2024-09-22-at-09.52.27-1116x1536.jpeg 1116w\" sizes=\"auto, (max-width: 1162px) 100vw, 1162px\" \/><\/a><\/p>\n<p style=\"text-align: right;\"><em>Fotografiile ata\u0219ate sunt realizate de c\u0103tre domnul Dan Terhe\u0219iu \u00een anul 2023, la evenimentul Porolissvm: prietenul tinerilor. Edi\u021bia I.<\/em><\/p>\n<p><a href=\"http:\/\/amiciimuzeuluizalau.ro\/croco\/wp-content\/uploads\/2024\/09\/WhatsApp-Image-2024-09-22-at-09.52.26-1-1.jpeg\"><img loading=\"lazy\" decoding=\"async\" class=\"aligncenter wp-image-3840 size-full\" src=\"http:\/\/amiciimuzeuluizalau.ro\/croco\/wp-content\/uploads\/2024\/09\/WhatsApp-Image-2024-09-22-at-09.52.26-1-1.jpeg\" alt=\"\" width=\"1280\" height=\"854\" srcset=\"http:\/\/amiciimuzeuluizalau.ro\/croco\/wp-content\/uploads\/2024\/09\/WhatsApp-Image-2024-09-22-at-09.52.26-1-1.jpeg 1280w, http:\/\/amiciimuzeuluizalau.ro\/croco\/wp-content\/uploads\/2024\/09\/WhatsApp-Image-2024-09-22-at-09.52.26-1-1-600x400.jpeg 600w, http:\/\/amiciimuzeuluizalau.ro\/croco\/wp-content\/uploads\/2024\/09\/WhatsApp-Image-2024-09-22-at-09.52.26-1-1-1024x683.jpeg 1024w, http:\/\/amiciimuzeuluizalau.ro\/croco\/wp-content\/uploads\/2024\/09\/WhatsApp-Image-2024-09-22-at-09.52.26-1-1-768x512.jpeg 768w\" sizes=\"auto, (max-width: 1280px) 100vw, 1280px\" \/><\/a> <a href=\"http:\/\/amiciimuzeuluizalau.ro\/croco\/wp-content\/uploads\/2024\/09\/WhatsApp-Image-2024-09-22-at-09.52.26.jpeg\"><img loading=\"lazy\" decoding=\"async\" class=\"aligncenter wp-image-3841 size-full\" src=\"http:\/\/amiciimuzeuluizalau.ro\/croco\/wp-content\/uploads\/2024\/09\/WhatsApp-Image-2024-09-22-at-09.52.26.jpeg\" alt=\"\" width=\"623\" height=\"934\" srcset=\"http:\/\/amiciimuzeuluizalau.ro\/croco\/wp-content\/uploads\/2024\/09\/WhatsApp-Image-2024-09-22-at-09.52.26.jpeg 623w, http:\/\/amiciimuzeuluizalau.ro\/croco\/wp-content\/uploads\/2024\/09\/WhatsApp-Image-2024-09-22-at-09.52.26-400x600.jpeg 400w\" sizes=\"auto, (max-width: 623px) 100vw, 623px\" \/><\/a><\/p>\n<p>&nbsp;<\/p>\n","protected":false},"excerpt":{"rendered":"<p>Programul activit&#259;&#539;ilor de reconstituire istoric&#259; pe care le va derula [&hellip;]<\/p>\n","protected":false},"author":1,"featured_media":3838,"comment_status":"closed","ping_status":"open","sticky":false,"template":"","format":"standard","meta":{"ngg_post_thumbnail":0,"footnotes":""},"categories":[7,5,4],"tags":[10,157,11,54,158,155],"class_list":["post-3837","post","type-post","status-publish","format-standard","has-post-thumbnail","hentry","category-acasa","category-diverse","category-evenimente","tag-amicii","tag-eveniment","tag-muzeu","tag-porolissum","tag-prieten","tag-tineri"],"yoast_head":"<!-- This site is optimized with the Yoast SEO plugin v27.0 - https:\/\/yoast.com\/product\/yoast-seo-wordpress\/ -->\n<title>AVE POROLISSVM! - ASOCIA\u021aIA AMICII MUZEULUI - ZAL\u0102U<\/title>\n<meta name=\"description\" content=\"Programul activit\u0103\u021bilor de reconstituire istoric\u0103 pe care le va derula Asocia\u021bia Amicii Muzeului, 29 septembrie 2024 (duminic\u0103),\" \/>\n<meta name=\"robots\" content=\"index, follow, max-snippet:-1, max-image-preview:large, max-video-preview:-1\" \/>\n<link rel=\"canonical\" href=\"http:\/\/amiciimuzeuluizalau.ro\/croco\/ave-porolissvm-2\/\" \/>\n<meta property=\"og:locale\" content=\"ro_RO\" \/>\n<meta property=\"og:type\" content=\"article\" \/>\n<meta property=\"og:title\" content=\"AVE POROLISSVM! - ASOCIA\u021aIA AMICII MUZEULUI - ZAL\u0102U\" \/>\n<meta property=\"og:description\" content=\"Programul activit\u0103\u021bilor de reconstituire istoric\u0103 pe care le va derula Asocia\u021bia Amicii Muzeului, 29 septembrie 2024 (duminic\u0103),\" \/>\n<meta property=\"og:url\" content=\"http:\/\/amiciimuzeuluizalau.ro\/croco\/ave-porolissvm-2\/\" \/>\n<meta property=\"og:site_name\" content=\"ASOCIA\u021aIA AMICII MUZEULUI - ZAL\u0102U\" \/>\n<meta property=\"article:published_time\" content=\"2024-09-22T07:00:43+00:00\" \/>\n<meta property=\"og:image\" content=\"http:\/\/amiciimuzeuluizalau.ro\/croco\/wp-content\/uploads\/2024\/09\/WhatsApp-Image-2024-09-22-at-09.52.26-1.jpeg\" \/>\n\t<meta property=\"og:image:width\" content=\"1280\" \/>\n\t<meta property=\"og:image:height\" content=\"854\" \/>\n\t<meta property=\"og:image:type\" content=\"image\/jpeg\" \/>\n<meta name=\"author\" content=\"Decebal\" \/>\n<meta name=\"twitter:label1\" content=\"Scris de\" \/>\n\t<meta name=\"twitter:data1\" content=\"Decebal\" \/>\n\t<meta name=\"twitter:label2\" content=\"Timp estimat pentru citire\" \/>\n\t<meta name=\"twitter:data2\" content=\"2 minute\" \/>\n<script type=\"application\/ld+json\" class=\"yoast-schema-graph\">{\"@context\":\"https:\/\/schema.org\",\"@graph\":[{\"@type\":\"Article\",\"@id\":\"http:\/\/amiciimuzeuluizalau.ro\/croco\/ave-porolissvm-2\/#article\",\"isPartOf\":{\"@id\":\"http:\/\/amiciimuzeuluizalau.ro\/croco\/ave-porolissvm-2\/\"},\"author\":{\"name\":\"Decebal\",\"@id\":\"https:\/\/amiciimuzeuluizalau.ro\/croco\/#\/schema\/person\/6c53bb3e1c6de5ef675f935f5d043280\"},\"headline\":\"AVE POROLISSVM!\",\"datePublished\":\"2024-09-22T07:00:43+00:00\",\"mainEntityOfPage\":{\"@id\":\"http:\/\/amiciimuzeuluizalau.ro\/croco\/ave-porolissvm-2\/\"},\"wordCount\":128,\"publisher\":{\"@id\":\"https:\/\/amiciimuzeuluizalau.ro\/croco\/#organization\"},\"image\":{\"@id\":\"http:\/\/amiciimuzeuluizalau.ro\/croco\/ave-porolissvm-2\/#primaryimage\"},\"thumbnailUrl\":\"http:\/\/amiciimuzeuluizalau.ro\/croco\/wp-content\/uploads\/2024\/09\/WhatsApp-Image-2024-09-22-at-09.52.26-1.jpeg\",\"keywords\":[\"Amicii\",\"eveniment\",\"Muzeu\",\"Porolissum\",\"prieten\",\"tineri\"],\"articleSection\":[\"Acasa\",\"Diverse\",\"Evenimente\"],\"inLanguage\":\"ro-RO\"},{\"@type\":\"WebPage\",\"@id\":\"http:\/\/amiciimuzeuluizalau.ro\/croco\/ave-porolissvm-2\/\",\"url\":\"http:\/\/amiciimuzeuluizalau.ro\/croco\/ave-porolissvm-2\/\",\"name\":\"AVE POROLISSVM! - ASOCIA\u021aIA AMICII MUZEULUI - ZAL\u0102U\",\"isPartOf\":{\"@id\":\"https:\/\/amiciimuzeuluizalau.ro\/croco\/#website\"},\"primaryImageOfPage\":{\"@id\":\"http:\/\/amiciimuzeuluizalau.ro\/croco\/ave-porolissvm-2\/#primaryimage\"},\"image\":{\"@id\":\"http:\/\/amiciimuzeuluizalau.ro\/croco\/ave-porolissvm-2\/#primaryimage\"},\"thumbnailUrl\":\"http:\/\/amiciimuzeuluizalau.ro\/croco\/wp-content\/uploads\/2024\/09\/WhatsApp-Image-2024-09-22-at-09.52.26-1.jpeg\",\"datePublished\":\"2024-09-22T07:00:43+00:00\",\"description\":\"Programul activit\u0103\u021bilor de reconstituire istoric\u0103 pe care le va derula Asocia\u021bia Amicii Muzeului, 29 septembrie 2024 (duminic\u0103),\",\"breadcrumb\":{\"@id\":\"http:\/\/amiciimuzeuluizalau.ro\/croco\/ave-porolissvm-2\/#breadcrumb\"},\"inLanguage\":\"ro-RO\",\"potentialAction\":[{\"@type\":\"ReadAction\",\"target\":[\"http:\/\/amiciimuzeuluizalau.ro\/croco\/ave-porolissvm-2\/\"]}]},{\"@type\":\"ImageObject\",\"inLanguage\":\"ro-RO\",\"@id\":\"http:\/\/amiciimuzeuluizalau.ro\/croco\/ave-porolissvm-2\/#primaryimage\",\"url\":\"http:\/\/amiciimuzeuluizalau.ro\/croco\/wp-content\/uploads\/2024\/09\/WhatsApp-Image-2024-09-22-at-09.52.26-1.jpeg\",\"contentUrl\":\"http:\/\/amiciimuzeuluizalau.ro\/croco\/wp-content\/uploads\/2024\/09\/WhatsApp-Image-2024-09-22-at-09.52.26-1.jpeg\",\"width\":1280,\"height\":854},{\"@type\":\"BreadcrumbList\",\"@id\":\"http:\/\/amiciimuzeuluizalau.ro\/croco\/ave-porolissvm-2\/#breadcrumb\",\"itemListElement\":[{\"@type\":\"ListItem\",\"position\":1,\"name\":\"Home\",\"item\":\"https:\/\/amiciimuzeuluizalau.ro\/croco\/\"},{\"@type\":\"ListItem\",\"position\":2,\"name\":\"AVE POROLISSVM!\"}]},{\"@type\":\"WebSite\",\"@id\":\"https:\/\/amiciimuzeuluizalau.ro\/croco\/#website\",\"url\":\"https:\/\/amiciimuzeuluizalau.ro\/croco\/\",\"name\":\"ASOCIA\u021aIA AMICII MUZEULUI - ZAL\u0102U\",\"description\":\"EDUCA\u021aIE PRIN ISTORIE\",\"publisher\":{\"@id\":\"https:\/\/amiciimuzeuluizalau.ro\/croco\/#organization\"},\"potentialAction\":[{\"@type\":\"SearchAction\",\"target\":{\"@type\":\"EntryPoint\",\"urlTemplate\":\"https:\/\/amiciimuzeuluizalau.ro\/croco\/?s={search_term_string}\"},\"query-input\":{\"@type\":\"PropertyValueSpecification\",\"valueRequired\":true,\"valueName\":\"search_term_string\"}}],\"inLanguage\":\"ro-RO\"},{\"@type\":\"Organization\",\"@id\":\"https:\/\/amiciimuzeuluizalau.ro\/croco\/#organization\",\"name\":\"Asocia\u021bia Amicii Muzeului Zal\u0103u\",\"url\":\"https:\/\/amiciimuzeuluizalau.ro\/croco\/\",\"logo\":{\"@type\":\"ImageObject\",\"inLanguage\":\"ro-RO\",\"@id\":\"https:\/\/amiciimuzeuluizalau.ro\/croco\/#\/schema\/logo\/image\/\",\"url\":\"http:\/\/amiciimuzeuluizalau.ro\/croco\/wp-content\/uploads\/2014\/11\/sigla_final-011.jpg\",\"contentUrl\":\"http:\/\/amiciimuzeuluizalau.ro\/croco\/wp-content\/uploads\/2014\/11\/sigla_final-011.jpg\",\"width\":3508,\"height\":2480,\"caption\":\"Asocia\u021bia Amicii Muzeului Zal\u0103u\"},\"image\":{\"@id\":\"https:\/\/amiciimuzeuluizalau.ro\/croco\/#\/schema\/logo\/image\/\"}},{\"@type\":\"Person\",\"@id\":\"https:\/\/amiciimuzeuluizalau.ro\/croco\/#\/schema\/person\/6c53bb3e1c6de5ef675f935f5d043280\",\"name\":\"Decebal\",\"image\":{\"@type\":\"ImageObject\",\"inLanguage\":\"ro-RO\",\"@id\":\"https:\/\/amiciimuzeuluizalau.ro\/croco\/#\/schema\/person\/image\/\",\"url\":\"https:\/\/secure.gravatar.com\/avatar\/806973ced08ef762c11b3548d8ca214c9a6110fb3cabafbe85f7ed26ac08678b?s=96&d=identicon&r=g\",\"contentUrl\":\"https:\/\/secure.gravatar.com\/avatar\/806973ced08ef762c11b3548d8ca214c9a6110fb3cabafbe85f7ed26ac08678b?s=96&d=identicon&r=g\",\"caption\":\"Decebal\"},\"url\":\"http:\/\/amiciimuzeuluizalau.ro\/croco\/author\/croco\/\"}]}<\/script>\n<!-- \/ Yoast SEO plugin. -->","yoast_head_json":{"title":"AVE POROLISSVM! - ASOCIA\u021aIA AMICII MUZEULUI - ZAL\u0102U","description":"Programul activit\u0103\u021bilor de reconstituire istoric\u0103 pe care le va derula Asocia\u021bia Amicii Muzeului, 29 septembrie 2024 (duminic\u0103),","robots":{"index":"index","follow":"follow","max-snippet":"max-snippet:-1","max-image-preview":"max-image-preview:large","max-video-preview":"max-video-preview:-1"},"canonical":"http:\/\/amiciimuzeuluizalau.ro\/croco\/ave-porolissvm-2\/","og_locale":"ro_RO","og_type":"article","og_title":"AVE POROLISSVM! - ASOCIA\u021aIA AMICII MUZEULUI - ZAL\u0102U","og_description":"Programul activit\u0103\u021bilor de reconstituire istoric\u0103 pe care le va derula Asocia\u021bia Amicii Muzeului, 29 septembrie 2024 (duminic\u0103),","og_url":"http:\/\/amiciimuzeuluizalau.ro\/croco\/ave-porolissvm-2\/","og_site_name":"ASOCIA\u021aIA AMICII MUZEULUI - ZAL\u0102U","article_published_time":"2024-09-22T07:00:43+00:00","og_image":[{"width":1280,"height":854,"url":"http:\/\/amiciimuzeuluizalau.ro\/croco\/wp-content\/uploads\/2024\/09\/WhatsApp-Image-2024-09-22-at-09.52.26-1.jpeg","type":"image\/jpeg"}],"author":"Decebal","twitter_misc":{"Scris de":"Decebal","Timp estimat pentru citire":"2 minute"},"schema":{"@context":"https:\/\/schema.org","@graph":[{"@type":"Article","@id":"http:\/\/amiciimuzeuluizalau.ro\/croco\/ave-porolissvm-2\/#article","isPartOf":{"@id":"http:\/\/amiciimuzeuluizalau.ro\/croco\/ave-porolissvm-2\/"},"author":{"name":"Decebal","@id":"https:\/\/amiciimuzeuluizalau.ro\/croco\/#\/schema\/person\/6c53bb3e1c6de5ef675f935f5d043280"},"headline":"AVE POROLISSVM!","datePublished":"2024-09-22T07:00:43+00:00","mainEntityOfPage":{"@id":"http:\/\/amiciimuzeuluizalau.ro\/croco\/ave-porolissvm-2\/"},"wordCount":128,"publisher":{"@id":"https:\/\/amiciimuzeuluizalau.ro\/croco\/#organization"},"image":{"@id":"http:\/\/amiciimuzeuluizalau.ro\/croco\/ave-porolissvm-2\/#primaryimage"},"thumbnailUrl":"http:\/\/amiciimuzeuluizalau.ro\/croco\/wp-content\/uploads\/2024\/09\/WhatsApp-Image-2024-09-22-at-09.52.26-1.jpeg","keywords":["Amicii","eveniment","Muzeu","Porolissum","prieten","tineri"],"articleSection":["Acasa","Diverse","Evenimente"],"inLanguage":"ro-RO"},{"@type":"WebPage","@id":"http:\/\/amiciimuzeuluizalau.ro\/croco\/ave-porolissvm-2\/","url":"http:\/\/amiciimuzeuluizalau.ro\/croco\/ave-porolissvm-2\/","name":"AVE POROLISSVM! - ASOCIA\u021aIA AMICII MUZEULUI - ZAL\u0102U","isPartOf":{"@id":"https:\/\/amiciimuzeuluizalau.ro\/croco\/#website"},"primaryImageOfPage":{"@id":"http:\/\/amiciimuzeuluizalau.ro\/croco\/ave-porolissvm-2\/#primaryimage"},"image":{"@id":"http:\/\/amiciimuzeuluizalau.ro\/croco\/ave-porolissvm-2\/#primaryimage"},"thumbnailUrl":"http:\/\/amiciimuzeuluizalau.ro\/croco\/wp-content\/uploads\/2024\/09\/WhatsApp-Image-2024-09-22-at-09.52.26-1.jpeg","datePublished":"2024-09-22T07:00:43+00:00","description":"Programul activit\u0103\u021bilor de reconstituire istoric\u0103 pe care le va derula Asocia\u021bia Amicii Muzeului, 29 septembrie 2024 (duminic\u0103),","breadcrumb":{"@id":"http:\/\/amiciimuzeuluizalau.ro\/croco\/ave-porolissvm-2\/#breadcrumb"},"inLanguage":"ro-RO","potentialAction":[{"@type":"ReadAction","target":["http:\/\/amiciimuzeuluizalau.ro\/croco\/ave-porolissvm-2\/"]}]},{"@type":"ImageObject","inLanguage":"ro-RO","@id":"http:\/\/amiciimuzeuluizalau.ro\/croco\/ave-porolissvm-2\/#primaryimage","url":"http:\/\/amiciimuzeuluizalau.ro\/croco\/wp-content\/uploads\/2024\/09\/WhatsApp-Image-2024-09-22-at-09.52.26-1.jpeg","contentUrl":"http:\/\/amiciimuzeuluizalau.ro\/croco\/wp-content\/uploads\/2024\/09\/WhatsApp-Image-2024-09-22-at-09.52.26-1.jpeg","width":1280,"height":854},{"@type":"BreadcrumbList","@id":"http:\/\/amiciimuzeuluizalau.ro\/croco\/ave-porolissvm-2\/#breadcrumb","itemListElement":[{"@type":"ListItem","position":1,"name":"Home","item":"https:\/\/amiciimuzeuluizalau.ro\/croco\/"},{"@type":"ListItem","position":2,"name":"AVE POROLISSVM!"}]},{"@type":"WebSite","@id":"https:\/\/amiciimuzeuluizalau.ro\/croco\/#website","url":"https:\/\/amiciimuzeuluizalau.ro\/croco\/","name":"ASOCIA\u021aIA AMICII MUZEULUI - ZAL\u0102U","description":"EDUCA\u021aIE PRIN ISTORIE","publisher":{"@id":"https:\/\/amiciimuzeuluizalau.ro\/croco\/#organization"},"potentialAction":[{"@type":"SearchAction","target":{"@type":"EntryPoint","urlTemplate":"https:\/\/amiciimuzeuluizalau.ro\/croco\/?s={search_term_string}"},"query-input":{"@type":"PropertyValueSpecification","valueRequired":true,"valueName":"search_term_string"}}],"inLanguage":"ro-RO"},{"@type":"Organization","@id":"https:\/\/amiciimuzeuluizalau.ro\/croco\/#organization","name":"Asocia\u021bia Amicii Muzeului Zal\u0103u","url":"https:\/\/amiciimuzeuluizalau.ro\/croco\/","logo":{"@type":"ImageObject","inLanguage":"ro-RO","@id":"https:\/\/amiciimuzeuluizalau.ro\/croco\/#\/schema\/logo\/image\/","url":"http:\/\/amiciimuzeuluizalau.ro\/croco\/wp-content\/uploads\/2014\/11\/sigla_final-011.jpg","contentUrl":"http:\/\/amiciimuzeuluizalau.ro\/croco\/wp-content\/uploads\/2014\/11\/sigla_final-011.jpg","width":3508,"height":2480,"caption":"Asocia\u021bia Amicii Muzeului Zal\u0103u"},"image":{"@id":"https:\/\/amiciimuzeuluizalau.ro\/croco\/#\/schema\/logo\/image\/"}},{"@type":"Person","@id":"https:\/\/amiciimuzeuluizalau.ro\/croco\/#\/schema\/person\/6c53bb3e1c6de5ef675f935f5d043280","name":"Decebal","image":{"@type":"ImageObject","inLanguage":"ro-RO","@id":"https:\/\/amiciimuzeuluizalau.ro\/croco\/#\/schema\/person\/image\/","url":"https:\/\/secure.gravatar.com\/avatar\/806973ced08ef762c11b3548d8ca214c9a6110fb3cabafbe85f7ed26ac08678b?s=96&d=identicon&r=g","contentUrl":"https:\/\/secure.gravatar.com\/avatar\/806973ced08ef762c11b3548d8ca214c9a6110fb3cabafbe85f7ed26ac08678b?s=96&d=identicon&r=g","caption":"Decebal"},"url":"http:\/\/amiciimuzeuluizalau.ro\/croco\/author\/croco\/"}]}},"_links":{"self":[{"href":"http:\/\/amiciimuzeuluizalau.ro\/croco\/wp-json\/wp\/v2\/posts\/3837","targetHints":{"allow":["GET"]}}],"collection":[{"href":"http:\/\/amiciimuzeuluizalau.ro\/croco\/wp-json\/wp\/v2\/posts"}],"about":[{"href":"http:\/\/amiciimuzeuluizalau.ro\/croco\/wp-json\/wp\/v2\/types\/post"}],"author":[{"embeddable":true,"href":"http:\/\/amiciimuzeuluizalau.ro\/croco\/wp-json\/wp\/v2\/users\/1"}],"replies":[{"embeddable":true,"href":"http:\/\/amiciimuzeuluizalau.ro\/croco\/wp-json\/wp\/v2\/comments?post=3837"}],"version-history":[{"count":1,"href":"http:\/\/amiciimuzeuluizalau.ro\/croco\/wp-json\/wp\/v2\/posts\/3837\/revisions"}],"predecessor-version":[{"id":3842,"href":"http:\/\/amiciimuzeuluizalau.ro\/croco\/wp-json\/wp\/v2\/posts\/3837\/revisions\/3842"}],"wp:featuredmedia":[{"embeddable":true,"href":"http:\/\/amiciimuzeuluizalau.ro\/croco\/wp-json\/wp\/v2\/media\/3838"}],"wp:attachment":[{"href":"http:\/\/amiciimuzeuluizalau.ro\/croco\/wp-json\/wp\/v2\/media?parent=3837"}],"wp:term":[{"taxonomy":"category","embeddable":true,"href":"http:\/\/amiciimuzeuluizalau.ro\/croco\/wp-json\/wp\/v2\/categories?post=3837"},{"taxonomy":"post_tag","embeddable":true,"href":"http:\/\/amiciimuzeuluizalau.ro\/croco\/wp-json\/wp\/v2\/tags?post=3837"}],"curies":[{"name":"wp","href":"https:\/\/api.w.org\/{rel}","templated":true}]}}