{"id":3825,"date":"2024-09-11T13:04:34","date_gmt":"2024-09-11T10:04:34","guid":{"rendered":"https:\/\/amiciimuzeuluizalau.ro\/croco\/?p=3825"},"modified":"2024-09-11T13:04:34","modified_gmt":"2024-09-11T10:04:34","slug":"legiunile-romane-se-intorc-acasala-porolissvm","status":"publish","type":"post","link":"http:\/\/amiciimuzeuluizalau.ro\/croco\/legiunile-romane-se-intorc-acasala-porolissvm\/","title":{"rendered":"LEGIUNILE ROMANE SE \u00ceNTORC ACAS\u0102\u2026\u2026LA POROLISSVM!"},"content":{"rendered":"<p>Evenimentul va avea loc \u00een data de <strong>29 septembrie 2024 (duminic\u0103)<\/strong>, \u00een situl arheologic Porolissvm, \u00eencep\u00e2nd cu <strong>ora 12.00.<\/strong><\/p>\n<p>Taberele de reconstituire istoric\u0103 vor fi instalate \u00een incinta castrului roman, l\u00e2ng\u0103 <em>Porta Praetoria<\/em>! Pentru dumneavoastr\u0103 am preg\u0103tit o serie de activit\u0103\u021bi atractive \u0219i interactive: prezent\u0103ri de echipamente istorice, scene de lupt\u0103, antrenamente ale solda\u021bilor, tir cu arcul tradi\u021bional, jocurile \u00een antichitate, me\u0219te\u0219uguri, \u0219coala \u0219i educa\u021bia. Desigur, nu va lipsi degustarea m\u00e2nc\u0103rii romane, g\u0103tit\u0103 dup\u0103 celebrele re\u021bete ale lui Apicius!<\/p>\n<p>Activit\u0103\u021bile propuse sunt parte component\u0103 a proiectului <em>Porolissvm: prietenul tinerilor. Edi\u021bia II<\/em> (finan\u021bat de c\u0103tre <a href=\"https:\/\/www.cjsj.ro\/\" target=\"_blank\" rel=\"noopener\">Consiliul Jude\u021bean S\u0103laj<\/a>) care are ca scop principal, promovarea patrimoniului istoric antic s\u0103l\u0103jean.<\/p>\n<p>Important! Accesul publicului la acest eveniment se va face pe baza biletului de intrare \u00een complexul arheologic:<\/p>\n<ul>\n<li>pre\u021b bilet adult 11 lei<\/li>\n<li>pre\u021b bilet elev\/student\/pensionar 6 lei,<\/li>\n<li>copiii cu v\u00e2rsta sub 7 ani au acces gratuit<\/li>\n<li>acces gratuit pentru persoanele cu dizabilit\u0103\u021bi \u0219i invalidit\u0103\u021bi, precum \u0219i asistentul personal al acestora.- acces gratuit pentru copii cu dizabilit\u0103\u021bi \u0219i p\u0103rin\u021bii sau \u00eenso\u021bitorii acestora<\/li>\n<\/ul>\n<p>&#8211;&nbsp;&nbsp;&nbsp;&nbsp; acces gratuit pentru personalul centrelor de informare turistic\u0103<\/p>\n<p>Vom reveni cu detalii privind programul activit\u0103\u021bilor. Urm\u0103ri\u021bi post\u0103rile legate de acest eveniment!<\/p>\n<p>V\u0103 a\u0219tept\u0103m cu drag!<\/p>\n<p><strong>AVE POROLISSVM!<\/strong><\/p>\n<style type=\"text\/css\" scoped>.rbs_gallery_69f2e5c23aac7Spinner{\r\n\t\t\t\tmargin: 50px auto;\r\n\t\t\t\twidth: 50px;\r\n\t\t\t\theight: 40px;\r\n\t\t\t\ttext-align: center;\r\n\t\t\t\tfont-size: 10px;\r\n\t\t\t}\r\n\t\t\t.rbs_gallery_69f2e5c23aac7Spinner > div{\r\n\t\t\t  background-color: #333;\r\n\t\t\t  height: 100%;\r\n\t\t\t  width: 6px;\r\n\t\t\t  display: inline-block;\r\n\t\t\t  -webkit-animation: rbs_gallery_69f2e5c23aac7-stretchdelay 1.2s infinite ease-in-out;\r\n\t\t\t  animation: rbs_gallery_69f2e5c23aac7-stretchdelay 1.2s infinite ease-in-out;\r\n\t\t\t}\r\n\t\t\t.rbs_gallery_69f2e5c23aac7Spinner .rbs_gallery_69f2e5c23aac7Rect2 {\r\n\t\t\t  -webkit-animation-delay: -1.1s;\r\n\t\t\t  animation-delay: -1.1s;\r\n\t\t\t}\r\n\t\t\t.rbs_gallery_69f2e5c23aac7Spinner .rbs_gallery_69f2e5c23aac7Rect3 {\r\n\t\t\t  -webkit-animation-delay: -1.0s;\r\n\t\t\t  animation-delay: -1.0s;\r\n\t\t\t}\r\n\t\t\t.rbs_gallery_69f2e5c23aac7Spinner .rbs_gallery_69f2e5c23aac7Rect4 {\r\n\t\t\t  -webkit-animation-delay: -0.9s;\r\n\t\t\t  animation-delay: -0.9s;\r\n\t\t\t}\r\n\t\t\t.rbs_gallery_69f2e5c23aac7Spinner .rbs_gallery_69f2e5c23aac7Rect5 {\r\n\t\t\t  -webkit-animation-delay: -0.8s;\r\n\t\t\t  animation-delay: -0.8s;\r\n\t\t\t}\r\n\t\t\t@-webkit-keyframes rbs_gallery_69f2e5c23aac7-stretchdelay {\r\n\t\t\t  0%, 40%, 100% { -webkit-transform: scaleY(0.4) }  \r\n\t\t\t  20% { -webkit-transform: scaleY(1.0) }\r\n\t\t\t}\r\n\t\t\t@keyframes rbs_gallery_69f2e5c23aac7-stretchdelay {\r\n\t\t\t  0%, 40%, 100% { \r\n\t\t\t    transform: scaleY(0.4);\r\n\t\t\t    -webkit-transform: scaleY(0.4);\r\n\t\t\t  }  20% { \r\n\t\t\t    transform: scaleY(1.0);\r\n\t\t\t    -webkit-transform: scaleY(1.0);\r\n\t\t\t  }\r\n\t\t\t}\r\n\t\t<\/style><div class=\"robo-gallery-wrap robo-gallery-wrap-id3829 robo-gallery-grid\" ><div id=\"rbs_gallery_69f2e5c23aac7-block-loader\" class=\"rbs_gallery_69f2e5c23aac7Spinner\"><div class=\"rbs_gallery_69f2e5c23aac7Rect1\"><\/div> <div class=\"rbs_gallery_69f2e5c23aac7Rect2\"><\/div> <div class=\"rbs_gallery_69f2e5c23aac7Rect3\"><\/div> <div class=\"rbs_gallery_69f2e5c23aac7Rect4\"><\/div> <div class=\"rbs_gallery_69f2e5c23aac7Rect5\"><\/div><\/div><div id=\"robo_gallery_main_block_rbs_gallery_69f2e5c23aac7\" class=\"robogallery-gallery-3829\" style=\"width:100%;  display: none;\"><div id=\"rbs_gallery_69f2e5c23aac7\" data-options=\"rbs_gallery_69f2e5c23aac7\" style=\"width:100%;\" class=\"robo_gallery  \"><div class=\"rbs-img  category3829 \" ><div class=\"rbs-img-image   rbs-lightbox \" ><div class=\"rbs-img-thumbs\"  data-thumbnail=\"http:\/\/amiciimuzeuluizalau.ro\/croco\/wp-content\/uploads\/2024\/09\/WhatsApp-Image-2024-09-11-at-09.36.50-1-600x400.jpeg\"  title=\"WhatsApp Image 2024-09-11 at 09.36.50 (1)\"  data-width=\"600\"  data-height=\"400\" ><\/div><div class=\"rbs-img-data-popup\"  data-popup=\"http:\/\/amiciimuzeuluizalau.ro\/croco\/wp-content\/uploads\/2024\/09\/WhatsApp-Image-2024-09-11-at-09.36.50-1.jpeg\"  title=\"WhatsApp Image 2024-09-11 at 09.36.50 (1)\" ><\/div><div class=\"thumbnail-overlay\"><div class=\"rbsTitle \">WhatsApp Image 2024-09-11 at 09.36.50 (1)<\/div><div class=\"rbsIcons\"><i class=\"fa fa-search-plus rbsZoomIcon \" ><\/i><\/div><\/div><\/div><\/div><div class=\"rbs-img  category3829 \" ><div class=\"rbs-img-image   rbs-lightbox \" ><div class=\"rbs-img-thumbs\"  data-thumbnail=\"http:\/\/amiciimuzeuluizalau.ro\/croco\/wp-content\/uploads\/2024\/09\/WhatsApp-Image-2024-09-11-at-09.36.50-2-600x397.jpeg\"  title=\"WhatsApp Image 2024-09-11 at 09.36.50 (2)\"  data-width=\"600\"  data-height=\"397\" ><\/div><div class=\"rbs-img-data-popup\"  data-popup=\"http:\/\/amiciimuzeuluizalau.ro\/croco\/wp-content\/uploads\/2024\/09\/WhatsApp-Image-2024-09-11-at-09.36.50-2.jpeg\"  title=\"WhatsApp Image 2024-09-11 at 09.36.50 (2)\" ><\/div><div class=\"thumbnail-overlay\"><div class=\"rbsTitle \">WhatsApp Image 2024-09-11 at 09.36.50 (2)<\/div><div class=\"rbsIcons\"><i class=\"fa fa-search-plus rbsZoomIcon \" ><\/i><\/div><\/div><\/div><\/div><div class=\"rbs-img  category3829 \" ><div class=\"rbs-img-image   rbs-lightbox \" ><div class=\"rbs-img-thumbs\"  data-thumbnail=\"http:\/\/amiciimuzeuluizalau.ro\/croco\/wp-content\/uploads\/2024\/09\/WhatsApp-Image-2024-09-11-at-09.36.50-600x400.jpeg\"  title=\"WhatsApp Image 2024-09-11 at 09.36.50\"  data-width=\"600\"  data-height=\"400\" ><\/div><div class=\"rbs-img-data-popup\"  data-popup=\"http:\/\/amiciimuzeuluizalau.ro\/croco\/wp-content\/uploads\/2024\/09\/WhatsApp-Image-2024-09-11-at-09.36.50.jpeg\"  title=\"WhatsApp Image 2024-09-11 at 09.36.50\" ><\/div><div class=\"thumbnail-overlay\"><div class=\"rbsTitle \">WhatsApp Image 2024-09-11 at 09.36.50<\/div><div class=\"rbsIcons\"><i class=\"fa fa-search-plus rbsZoomIcon \" ><\/i><\/div><\/div><\/div><\/div><div class=\"rbs-img  category3829 \" ><div class=\"rbs-img-image   rbs-lightbox \" ><div class=\"rbs-img-thumbs\"  data-thumbnail=\"http:\/\/amiciimuzeuluizalau.ro\/croco\/wp-content\/uploads\/2024\/09\/WhatsApp-Image-2024-09-11-at-09.36.51-1-600x400.jpeg\"  title=\"WhatsApp Image 2024-09-11 at 09.36.51\"  data-width=\"600\"  data-height=\"400\" ><\/div><div class=\"rbs-img-data-popup\"  data-popup=\"http:\/\/amiciimuzeuluizalau.ro\/croco\/wp-content\/uploads\/2024\/09\/WhatsApp-Image-2024-09-11-at-09.36.51-1.jpeg\"  title=\"WhatsApp Image 2024-09-11 at 09.36.51\" ><\/div><div class=\"thumbnail-overlay\"><div class=\"rbsTitle \">WhatsApp Image 2024-09-11 at 09.36.51<\/div><div class=\"rbsIcons\"><i class=\"fa fa-search-plus rbsZoomIcon \" ><\/i><\/div><\/div><\/div><\/div><\/div><\/div><\/div><script>var rbs_gallery_69f2e5c23aac7 = {\"version\":\"5.1.3\",\"id\":3829,\"class\":\"id3829\",\"roboGalleryDelay\":1000,\"mainContainer\":\"#robo_gallery_main_block_rbs_gallery_69f2e5c23aac7\",\"loadingContainer\":\"#rbs_gallery_69f2e5c23aac7-block-loader\",\"loadingContainerObj\":\"rbs_gallery_69f2e5c23aac7-block-loader\",\"columnWidth\":\"auto\",\"columns\":3,\"resolutions\":[{\"columnWidth\":\"auto\",\"columns\":3,\"maxWidth\":960},{\"columnWidth\":\"auto\",\"columns\":2,\"maxWidth\":650},{\"columnWidth\":\"auto\",\"columns\":1,\"maxWidth\":450}],\"lightboxOptions\":{\"gallery\":{\"enabled\":true,\"tCounter\":\"%curr% of %total%\"}},\"overlayEffect\":\"direction-aware-fade\",\"boxesToLoadStart\":12,\"boxesToLoad\":8,\"waitUntilThumbLoads\":1,\"LoadingWord\":\"Loading...\",\"loadMoreWord\":\"Load More\",\"noMoreEntriesWord\":\"No More Entries\",\"horizontalSpaceBetweenBoxes\":15,\"verticalSpaceBetweenBoxes\":15,\"lazyLoad\":1,\"wrapContainer\":\"#robo-gallery-wrap-rbs_gallery_69f2e5c23aac7\"};<\/script>\n","protected":false},"excerpt":{"rendered":"<p>Evenimentul va avea loc &icirc;n data de 29 septembrie 2024 [&hellip;]<\/p>\n","protected":false},"author":1,"featured_media":3826,"comment_status":"closed","ping_status":"open","sticky":false,"template":"","format":"standard","meta":{"ngg_post_thumbnail":0,"footnotes":""},"categories":[5,4],"tags":[163,157,162,54,115],"class_list":["post-3825","post","type-post","status-publish","format-standard","has-post-thumbnail","hentry","category-diverse","category-evenimente","tag-acasa","tag-eveniment","tag-legiuni","tag-porolissum","tag-romane"],"yoast_head":"<!-- This site is optimized with the Yoast SEO plugin v27.0 - https:\/\/yoast.com\/product\/yoast-seo-wordpress\/ -->\n<title>LEGIUNILE ROMANE SE \u00ceNTORC ACAS\u0102\u2026\u2026LA POROLISSVM! - ASOCIA\u021aIA AMICII MUZEULUI - ZAL\u0102U<\/title>\n<meta name=\"description\" content=\"Activit\u0103\u021bile propuse sunt parte component\u0103 a proiectului Porolissvm: prietenul tinerilor. Edi\u021bia II (finan\u021bat de c\u0103tre CJ Sj\" \/>\n<meta name=\"robots\" content=\"index, follow, max-snippet:-1, max-image-preview:large, max-video-preview:-1\" \/>\n<link rel=\"canonical\" href=\"http:\/\/amiciimuzeuluizalau.ro\/croco\/legiunile-romane-se-intorc-acasala-porolissvm\/\" \/>\n<meta property=\"og:locale\" content=\"ro_RO\" \/>\n<meta property=\"og:type\" content=\"article\" \/>\n<meta property=\"og:title\" content=\"LEGIUNILE ROMANE SE \u00ceNTORC ACAS\u0102\u2026\u2026LA POROLISSVM! - ASOCIA\u021aIA AMICII MUZEULUI - ZAL\u0102U\" \/>\n<meta property=\"og:description\" content=\"Activit\u0103\u021bile propuse sunt parte component\u0103 a proiectului Porolissvm: prietenul tinerilor. Edi\u021bia II (finan\u021bat de c\u0103tre CJ Sj\" \/>\n<meta property=\"og:url\" content=\"http:\/\/amiciimuzeuluizalau.ro\/croco\/legiunile-romane-se-intorc-acasala-porolissvm\/\" \/>\n<meta property=\"og:site_name\" content=\"ASOCIA\u021aIA AMICII MUZEULUI - ZAL\u0102U\" \/>\n<meta property=\"article:published_time\" content=\"2024-09-11T10:04:34+00:00\" \/>\n<meta property=\"og:image\" content=\"http:\/\/amiciimuzeuluizalau.ro\/croco\/wp-content\/uploads\/2024\/09\/WhatsApp-Image-2024-09-11-at-09.36.51.jpeg\" \/>\n\t<meta property=\"og:image:width\" content=\"1600\" \/>\n\t<meta property=\"og:image:height\" content=\"1066\" \/>\n\t<meta property=\"og:image:type\" content=\"image\/jpeg\" \/>\n<meta name=\"author\" content=\"Decebal\" \/>\n<meta name=\"twitter:label1\" content=\"Scris de\" \/>\n\t<meta name=\"twitter:data1\" content=\"Decebal\" \/>\n\t<meta name=\"twitter:label2\" content=\"Timp estimat pentru citire\" \/>\n\t<meta name=\"twitter:data2\" content=\"2 minute\" \/>\n<script type=\"application\/ld+json\" class=\"yoast-schema-graph\">{\"@context\":\"https:\/\/schema.org\",\"@graph\":[{\"@type\":\"Article\",\"@id\":\"http:\/\/amiciimuzeuluizalau.ro\/croco\/legiunile-romane-se-intorc-acasala-porolissvm\/#article\",\"isPartOf\":{\"@id\":\"http:\/\/amiciimuzeuluizalau.ro\/croco\/legiunile-romane-se-intorc-acasala-porolissvm\/\"},\"author\":{\"name\":\"Decebal\",\"@id\":\"https:\/\/amiciimuzeuluizalau.ro\/croco\/#\/schema\/person\/6c53bb3e1c6de5ef675f935f5d043280\"},\"headline\":\"LEGIUNILE ROMANE SE \u00ceNTORC ACAS\u0102\u2026\u2026LA POROLISSVM!\",\"datePublished\":\"2024-09-11T10:04:34+00:00\",\"mainEntityOfPage\":{\"@id\":\"http:\/\/amiciimuzeuluizalau.ro\/croco\/legiunile-romane-se-intorc-acasala-porolissvm\/\"},\"wordCount\":241,\"publisher\":{\"@id\":\"https:\/\/amiciimuzeuluizalau.ro\/croco\/#organization\"},\"image\":{\"@id\":\"http:\/\/amiciimuzeuluizalau.ro\/croco\/legiunile-romane-se-intorc-acasala-porolissvm\/#primaryimage\"},\"thumbnailUrl\":\"http:\/\/amiciimuzeuluizalau.ro\/croco\/wp-content\/uploads\/2024\/09\/WhatsApp-Image-2024-09-11-at-09.36.51.jpeg\",\"keywords\":[\"acasa\",\"eveniment\",\"legiuni\",\"Porolissum\",\"ROMANE\"],\"articleSection\":[\"Diverse\",\"Evenimente\"],\"inLanguage\":\"ro-RO\"},{\"@type\":\"WebPage\",\"@id\":\"http:\/\/amiciimuzeuluizalau.ro\/croco\/legiunile-romane-se-intorc-acasala-porolissvm\/\",\"url\":\"http:\/\/amiciimuzeuluizalau.ro\/croco\/legiunile-romane-se-intorc-acasala-porolissvm\/\",\"name\":\"LEGIUNILE ROMANE SE \u00ceNTORC ACAS\u0102\u2026\u2026LA POROLISSVM! - ASOCIA\u021aIA AMICII MUZEULUI - ZAL\u0102U\",\"isPartOf\":{\"@id\":\"https:\/\/amiciimuzeuluizalau.ro\/croco\/#website\"},\"primaryImageOfPage\":{\"@id\":\"http:\/\/amiciimuzeuluizalau.ro\/croco\/legiunile-romane-se-intorc-acasala-porolissvm\/#primaryimage\"},\"image\":{\"@id\":\"http:\/\/amiciimuzeuluizalau.ro\/croco\/legiunile-romane-se-intorc-acasala-porolissvm\/#primaryimage\"},\"thumbnailUrl\":\"http:\/\/amiciimuzeuluizalau.ro\/croco\/wp-content\/uploads\/2024\/09\/WhatsApp-Image-2024-09-11-at-09.36.51.jpeg\",\"datePublished\":\"2024-09-11T10:04:34+00:00\",\"description\":\"Activit\u0103\u021bile propuse sunt parte component\u0103 a proiectului Porolissvm: prietenul tinerilor. Edi\u021bia II (finan\u021bat de c\u0103tre CJ Sj\",\"breadcrumb\":{\"@id\":\"http:\/\/amiciimuzeuluizalau.ro\/croco\/legiunile-romane-se-intorc-acasala-porolissvm\/#breadcrumb\"},\"inLanguage\":\"ro-RO\",\"potentialAction\":[{\"@type\":\"ReadAction\",\"target\":[\"http:\/\/amiciimuzeuluizalau.ro\/croco\/legiunile-romane-se-intorc-acasala-porolissvm\/\"]}]},{\"@type\":\"ImageObject\",\"inLanguage\":\"ro-RO\",\"@id\":\"http:\/\/amiciimuzeuluizalau.ro\/croco\/legiunile-romane-se-intorc-acasala-porolissvm\/#primaryimage\",\"url\":\"http:\/\/amiciimuzeuluizalau.ro\/croco\/wp-content\/uploads\/2024\/09\/WhatsApp-Image-2024-09-11-at-09.36.51.jpeg\",\"contentUrl\":\"http:\/\/amiciimuzeuluizalau.ro\/croco\/wp-content\/uploads\/2024\/09\/WhatsApp-Image-2024-09-11-at-09.36.51.jpeg\",\"width\":1600,\"height\":1066},{\"@type\":\"BreadcrumbList\",\"@id\":\"http:\/\/amiciimuzeuluizalau.ro\/croco\/legiunile-romane-se-intorc-acasala-porolissvm\/#breadcrumb\",\"itemListElement\":[{\"@type\":\"ListItem\",\"position\":1,\"name\":\"Home\",\"item\":\"https:\/\/amiciimuzeuluizalau.ro\/croco\/\"},{\"@type\":\"ListItem\",\"position\":2,\"name\":\"LEGIUNILE ROMANE SE \u00ceNTORC ACAS\u0102\u2026\u2026LA POROLISSVM!\"}]},{\"@type\":\"WebSite\",\"@id\":\"https:\/\/amiciimuzeuluizalau.ro\/croco\/#website\",\"url\":\"https:\/\/amiciimuzeuluizalau.ro\/croco\/\",\"name\":\"ASOCIA\u021aIA AMICII MUZEULUI - ZAL\u0102U\",\"description\":\"EDUCA\u021aIE PRIN ISTORIE\",\"publisher\":{\"@id\":\"https:\/\/amiciimuzeuluizalau.ro\/croco\/#organization\"},\"potentialAction\":[{\"@type\":\"SearchAction\",\"target\":{\"@type\":\"EntryPoint\",\"urlTemplate\":\"https:\/\/amiciimuzeuluizalau.ro\/croco\/?s={search_term_string}\"},\"query-input\":{\"@type\":\"PropertyValueSpecification\",\"valueRequired\":true,\"valueName\":\"search_term_string\"}}],\"inLanguage\":\"ro-RO\"},{\"@type\":\"Organization\",\"@id\":\"https:\/\/amiciimuzeuluizalau.ro\/croco\/#organization\",\"name\":\"Asocia\u021bia Amicii Muzeului Zal\u0103u\",\"url\":\"https:\/\/amiciimuzeuluizalau.ro\/croco\/\",\"logo\":{\"@type\":\"ImageObject\",\"inLanguage\":\"ro-RO\",\"@id\":\"https:\/\/amiciimuzeuluizalau.ro\/croco\/#\/schema\/logo\/image\/\",\"url\":\"http:\/\/amiciimuzeuluizalau.ro\/croco\/wp-content\/uploads\/2014\/11\/sigla_final-011.jpg\",\"contentUrl\":\"http:\/\/amiciimuzeuluizalau.ro\/croco\/wp-content\/uploads\/2014\/11\/sigla_final-011.jpg\",\"width\":3508,\"height\":2480,\"caption\":\"Asocia\u021bia Amicii Muzeului Zal\u0103u\"},\"image\":{\"@id\":\"https:\/\/amiciimuzeuluizalau.ro\/croco\/#\/schema\/logo\/image\/\"}},{\"@type\":\"Person\",\"@id\":\"https:\/\/amiciimuzeuluizalau.ro\/croco\/#\/schema\/person\/6c53bb3e1c6de5ef675f935f5d043280\",\"name\":\"Decebal\",\"image\":{\"@type\":\"ImageObject\",\"inLanguage\":\"ro-RO\",\"@id\":\"https:\/\/amiciimuzeuluizalau.ro\/croco\/#\/schema\/person\/image\/\",\"url\":\"https:\/\/secure.gravatar.com\/avatar\/806973ced08ef762c11b3548d8ca214c9a6110fb3cabafbe85f7ed26ac08678b?s=96&d=identicon&r=g\",\"contentUrl\":\"https:\/\/secure.gravatar.com\/avatar\/806973ced08ef762c11b3548d8ca214c9a6110fb3cabafbe85f7ed26ac08678b?s=96&d=identicon&r=g\",\"caption\":\"Decebal\"},\"url\":\"http:\/\/amiciimuzeuluizalau.ro\/croco\/author\/croco\/\"}]}<\/script>\n<!-- \/ Yoast SEO plugin. -->","yoast_head_json":{"title":"LEGIUNILE ROMANE SE \u00ceNTORC ACAS\u0102\u2026\u2026LA POROLISSVM! - ASOCIA\u021aIA AMICII MUZEULUI - ZAL\u0102U","description":"Activit\u0103\u021bile propuse sunt parte component\u0103 a proiectului Porolissvm: prietenul tinerilor. Edi\u021bia II (finan\u021bat de c\u0103tre CJ Sj","robots":{"index":"index","follow":"follow","max-snippet":"max-snippet:-1","max-image-preview":"max-image-preview:large","max-video-preview":"max-video-preview:-1"},"canonical":"http:\/\/amiciimuzeuluizalau.ro\/croco\/legiunile-romane-se-intorc-acasala-porolissvm\/","og_locale":"ro_RO","og_type":"article","og_title":"LEGIUNILE ROMANE SE \u00ceNTORC ACAS\u0102\u2026\u2026LA POROLISSVM! - ASOCIA\u021aIA AMICII MUZEULUI - ZAL\u0102U","og_description":"Activit\u0103\u021bile propuse sunt parte component\u0103 a proiectului Porolissvm: prietenul tinerilor. Edi\u021bia II (finan\u021bat de c\u0103tre CJ Sj","og_url":"http:\/\/amiciimuzeuluizalau.ro\/croco\/legiunile-romane-se-intorc-acasala-porolissvm\/","og_site_name":"ASOCIA\u021aIA AMICII MUZEULUI - ZAL\u0102U","article_published_time":"2024-09-11T10:04:34+00:00","og_image":[{"width":1600,"height":1066,"url":"http:\/\/amiciimuzeuluizalau.ro\/croco\/wp-content\/uploads\/2024\/09\/WhatsApp-Image-2024-09-11-at-09.36.51.jpeg","type":"image\/jpeg"}],"author":"Decebal","twitter_misc":{"Scris de":"Decebal","Timp estimat pentru citire":"2 minute"},"schema":{"@context":"https:\/\/schema.org","@graph":[{"@type":"Article","@id":"http:\/\/amiciimuzeuluizalau.ro\/croco\/legiunile-romane-se-intorc-acasala-porolissvm\/#article","isPartOf":{"@id":"http:\/\/amiciimuzeuluizalau.ro\/croco\/legiunile-romane-se-intorc-acasala-porolissvm\/"},"author":{"name":"Decebal","@id":"https:\/\/amiciimuzeuluizalau.ro\/croco\/#\/schema\/person\/6c53bb3e1c6de5ef675f935f5d043280"},"headline":"LEGIUNILE ROMANE SE \u00ceNTORC ACAS\u0102\u2026\u2026LA POROLISSVM!","datePublished":"2024-09-11T10:04:34+00:00","mainEntityOfPage":{"@id":"http:\/\/amiciimuzeuluizalau.ro\/croco\/legiunile-romane-se-intorc-acasala-porolissvm\/"},"wordCount":241,"publisher":{"@id":"https:\/\/amiciimuzeuluizalau.ro\/croco\/#organization"},"image":{"@id":"http:\/\/amiciimuzeuluizalau.ro\/croco\/legiunile-romane-se-intorc-acasala-porolissvm\/#primaryimage"},"thumbnailUrl":"http:\/\/amiciimuzeuluizalau.ro\/croco\/wp-content\/uploads\/2024\/09\/WhatsApp-Image-2024-09-11-at-09.36.51.jpeg","keywords":["acasa","eveniment","legiuni","Porolissum","ROMANE"],"articleSection":["Diverse","Evenimente"],"inLanguage":"ro-RO"},{"@type":"WebPage","@id":"http:\/\/amiciimuzeuluizalau.ro\/croco\/legiunile-romane-se-intorc-acasala-porolissvm\/","url":"http:\/\/amiciimuzeuluizalau.ro\/croco\/legiunile-romane-se-intorc-acasala-porolissvm\/","name":"LEGIUNILE ROMANE SE \u00ceNTORC ACAS\u0102\u2026\u2026LA POROLISSVM! - ASOCIA\u021aIA AMICII MUZEULUI - ZAL\u0102U","isPartOf":{"@id":"https:\/\/amiciimuzeuluizalau.ro\/croco\/#website"},"primaryImageOfPage":{"@id":"http:\/\/amiciimuzeuluizalau.ro\/croco\/legiunile-romane-se-intorc-acasala-porolissvm\/#primaryimage"},"image":{"@id":"http:\/\/amiciimuzeuluizalau.ro\/croco\/legiunile-romane-se-intorc-acasala-porolissvm\/#primaryimage"},"thumbnailUrl":"http:\/\/amiciimuzeuluizalau.ro\/croco\/wp-content\/uploads\/2024\/09\/WhatsApp-Image-2024-09-11-at-09.36.51.jpeg","datePublished":"2024-09-11T10:04:34+00:00","description":"Activit\u0103\u021bile propuse sunt parte component\u0103 a proiectului Porolissvm: prietenul tinerilor. Edi\u021bia II (finan\u021bat de c\u0103tre CJ Sj","breadcrumb":{"@id":"http:\/\/amiciimuzeuluizalau.ro\/croco\/legiunile-romane-se-intorc-acasala-porolissvm\/#breadcrumb"},"inLanguage":"ro-RO","potentialAction":[{"@type":"ReadAction","target":["http:\/\/amiciimuzeuluizalau.ro\/croco\/legiunile-romane-se-intorc-acasala-porolissvm\/"]}]},{"@type":"ImageObject","inLanguage":"ro-RO","@id":"http:\/\/amiciimuzeuluizalau.ro\/croco\/legiunile-romane-se-intorc-acasala-porolissvm\/#primaryimage","url":"http:\/\/amiciimuzeuluizalau.ro\/croco\/wp-content\/uploads\/2024\/09\/WhatsApp-Image-2024-09-11-at-09.36.51.jpeg","contentUrl":"http:\/\/amiciimuzeuluizalau.ro\/croco\/wp-content\/uploads\/2024\/09\/WhatsApp-Image-2024-09-11-at-09.36.51.jpeg","width":1600,"height":1066},{"@type":"BreadcrumbList","@id":"http:\/\/amiciimuzeuluizalau.ro\/croco\/legiunile-romane-se-intorc-acasala-porolissvm\/#breadcrumb","itemListElement":[{"@type":"ListItem","position":1,"name":"Home","item":"https:\/\/amiciimuzeuluizalau.ro\/croco\/"},{"@type":"ListItem","position":2,"name":"LEGIUNILE ROMANE SE \u00ceNTORC ACAS\u0102\u2026\u2026LA POROLISSVM!"}]},{"@type":"WebSite","@id":"https:\/\/amiciimuzeuluizalau.ro\/croco\/#website","url":"https:\/\/amiciimuzeuluizalau.ro\/croco\/","name":"ASOCIA\u021aIA AMICII MUZEULUI - ZAL\u0102U","description":"EDUCA\u021aIE PRIN ISTORIE","publisher":{"@id":"https:\/\/amiciimuzeuluizalau.ro\/croco\/#organization"},"potentialAction":[{"@type":"SearchAction","target":{"@type":"EntryPoint","urlTemplate":"https:\/\/amiciimuzeuluizalau.ro\/croco\/?s={search_term_string}"},"query-input":{"@type":"PropertyValueSpecification","valueRequired":true,"valueName":"search_term_string"}}],"inLanguage":"ro-RO"},{"@type":"Organization","@id":"https:\/\/amiciimuzeuluizalau.ro\/croco\/#organization","name":"Asocia\u021bia Amicii Muzeului Zal\u0103u","url":"https:\/\/amiciimuzeuluizalau.ro\/croco\/","logo":{"@type":"ImageObject","inLanguage":"ro-RO","@id":"https:\/\/amiciimuzeuluizalau.ro\/croco\/#\/schema\/logo\/image\/","url":"http:\/\/amiciimuzeuluizalau.ro\/croco\/wp-content\/uploads\/2014\/11\/sigla_final-011.jpg","contentUrl":"http:\/\/amiciimuzeuluizalau.ro\/croco\/wp-content\/uploads\/2014\/11\/sigla_final-011.jpg","width":3508,"height":2480,"caption":"Asocia\u021bia Amicii Muzeului Zal\u0103u"},"image":{"@id":"https:\/\/amiciimuzeuluizalau.ro\/croco\/#\/schema\/logo\/image\/"}},{"@type":"Person","@id":"https:\/\/amiciimuzeuluizalau.ro\/croco\/#\/schema\/person\/6c53bb3e1c6de5ef675f935f5d043280","name":"Decebal","image":{"@type":"ImageObject","inLanguage":"ro-RO","@id":"https:\/\/amiciimuzeuluizalau.ro\/croco\/#\/schema\/person\/image\/","url":"https:\/\/secure.gravatar.com\/avatar\/806973ced08ef762c11b3548d8ca214c9a6110fb3cabafbe85f7ed26ac08678b?s=96&d=identicon&r=g","contentUrl":"https:\/\/secure.gravatar.com\/avatar\/806973ced08ef762c11b3548d8ca214c9a6110fb3cabafbe85f7ed26ac08678b?s=96&d=identicon&r=g","caption":"Decebal"},"url":"http:\/\/amiciimuzeuluizalau.ro\/croco\/author\/croco\/"}]}},"_links":{"self":[{"href":"http:\/\/amiciimuzeuluizalau.ro\/croco\/wp-json\/wp\/v2\/posts\/3825","targetHints":{"allow":["GET"]}}],"collection":[{"href":"http:\/\/amiciimuzeuluizalau.ro\/croco\/wp-json\/wp\/v2\/posts"}],"about":[{"href":"http:\/\/amiciimuzeuluizalau.ro\/croco\/wp-json\/wp\/v2\/types\/post"}],"author":[{"embeddable":true,"href":"http:\/\/amiciimuzeuluizalau.ro\/croco\/wp-json\/wp\/v2\/users\/1"}],"replies":[{"embeddable":true,"href":"http:\/\/amiciimuzeuluizalau.ro\/croco\/wp-json\/wp\/v2\/comments?post=3825"}],"version-history":[{"count":4,"href":"http:\/\/amiciimuzeuluizalau.ro\/croco\/wp-json\/wp\/v2\/posts\/3825\/revisions"}],"predecessor-version":[{"id":3835,"href":"http:\/\/amiciimuzeuluizalau.ro\/croco\/wp-json\/wp\/v2\/posts\/3825\/revisions\/3835"}],"wp:featuredmedia":[{"embeddable":true,"href":"http:\/\/amiciimuzeuluizalau.ro\/croco\/wp-json\/wp\/v2\/media\/3826"}],"wp:attachment":[{"href":"http:\/\/amiciimuzeuluizalau.ro\/croco\/wp-json\/wp\/v2\/media?parent=3825"}],"wp:term":[{"taxonomy":"category","embeddable":true,"href":"http:\/\/amiciimuzeuluizalau.ro\/croco\/wp-json\/wp\/v2\/categories?post=3825"},{"taxonomy":"post_tag","embeddable":true,"href":"http:\/\/amiciimuzeuluizalau.ro\/croco\/wp-json\/wp\/v2\/tags?post=3825"}],"curies":[{"name":"wp","href":"https:\/\/api.w.org\/{rel}","templated":true}]}}