{"id":3636,"date":"2020-01-26T21:05:23","date_gmt":"2020-01-26T19:05:23","guid":{"rendered":"http:\/\/amiciimuzeuluizalau.ro\/croco\/?p=3636"},"modified":"2020-01-26T21:12:22","modified_gmt":"2020-01-26T19:12:22","slug":"porolissum-garnizoana","status":"publish","type":"post","link":"http:\/\/amiciimuzeuluizalau.ro\/croco\/porolissum-garnizoana\/","title":{"rendered":"ARMATA ROMAN\u0102 \u0218I GARNIZOANELE SALE \u00ceN JUDE\u021aUL S\u0102LAJ (VI)"},"content":{"rendered":"<h4><strong>POROLISSVM. Castrul roman de pe Dealul Citera<\/strong><\/h4>\n<p><strong>&nbsp;<\/strong><strong><em>POROLISSUM &#8211; Dealul Citera\/<\/em><\/strong><strong>Moigrad (comuna Mir\u0219id) &#8211; Jac (<\/strong><strong>comuna Creaca)<\/strong><\/p>\n<p>La <em>Porolissum<\/em>, pe Dealul Citera, romanii au construit un castru mai mic ca dimensiune fa\u021b\u0103 de cel de pe Dealul Pomet. De\u0219i nu exist\u0103 nicio eviden\u021b\u0103 care s\u0103 indice unitatea militar\u0103 campat\u0103 aici, trupa de arca\u0219i <em>numerus Palmyrenorum <\/em>este considerat\u0103 ca fiind cel mai probabil candidat. Un alt aspect \u00eenc\u0103 neclarificat este legat de perioada c\u00e2nd castrul de pe Dealul Citera \u0219i-a \u00eencetat activitatea.<\/p>\n<p><strong>THE ROMAN ARMY UNITS AND THEIR FORTS IN S\u0102LAJ COUNTY&nbsp;<\/strong><strong>(VI)<\/strong><\/p>\n<p><strong><em>POROLISSUM &#8211; Citera Hill\/<\/em><\/strong><strong>Moigrad (Mir\u0219id commune) &#8211; Jac (<\/strong><strong>Creaca commune)<\/strong><\/p>\n<p>&nbsp;A small fort is known near the Pom\u0103t hill fort at <em>Porolissum<\/em>, but there is no evidence supporting its garrison, although the <em>numerus Palmyrenorum<\/em> is commonly pointed out as the most probable candidate. The period when the fort ceased to exist is also shrouded in mystery.<\/p>\n<p style=\"text-align: right;\">Text: Dan Deac<\/p>\n<p><img loading=\"lazy\" decoding=\"async\" class=\"aligncenter size-full wp-image-3638\" src=\"http:\/\/amiciimuzeuluizalau.ro\/croco\/wp-content\/uploads\/2020\/01\/83133324_175779117096205_1647050328006197248_n.png\" alt=\"\" width=\"925\" height=\"661\" srcset=\"http:\/\/amiciimuzeuluizalau.ro\/croco\/wp-content\/uploads\/2020\/01\/83133324_175779117096205_1647050328006197248_n.png 925w, http:\/\/amiciimuzeuluizalau.ro\/croco\/wp-content\/uploads\/2020\/01\/83133324_175779117096205_1647050328006197248_n-600x429.png 600w, http:\/\/amiciimuzeuluizalau.ro\/croco\/wp-content\/uploads\/2020\/01\/83133324_175779117096205_1647050328006197248_n-768x549.png 768w\" sizes=\"auto, (max-width: 925px) 100vw, 925px\" \/><\/p>\n<p>Castrul roman de la Moigrad \u2013 Dealul Citera. Imagine LIDAR (dup\u0103 Opreanu<em> et alii <\/em>2014)\/ The Roman fort from Moigrad \u2013 Citera Hill. LIDAR image (according to Opreanu<em> et alii <\/em>2014).<\/p>\n<p><img loading=\"lazy\" decoding=\"async\" class=\"aligncenter wp-image-3637 size-large\" src=\"http:\/\/amiciimuzeuluizalau.ro\/croco\/wp-content\/uploads\/2020\/01\/81449633_2522554308005838_754328404731363328_n-729x1024.jpg\" alt=\"\" width=\"640\" height=\"899\" srcset=\"http:\/\/amiciimuzeuluizalau.ro\/croco\/wp-content\/uploads\/2020\/01\/81449633_2522554308005838_754328404731363328_n-729x1024.jpg 729w, http:\/\/amiciimuzeuluizalau.ro\/croco\/wp-content\/uploads\/2020\/01\/81449633_2522554308005838_754328404731363328_n-427x600.jpg 427w, http:\/\/amiciimuzeuluizalau.ro\/croco\/wp-content\/uploads\/2020\/01\/81449633_2522554308005838_754328404731363328_n-768x1078.jpg 768w, http:\/\/amiciimuzeuluizalau.ro\/croco\/wp-content\/uploads\/2020\/01\/81449633_2522554308005838_754328404731363328_n-1094x1536.jpg 1094w, http:\/\/amiciimuzeuluizalau.ro\/croco\/wp-content\/uploads\/2020\/01\/81449633_2522554308005838_754328404731363328_n.jpg 1200w\" sizes=\"auto, (max-width: 640px) 100vw, 640px\" \/><\/p>\n<p>&nbsp;Cavalerist roman din <em>numerus Palmyrenorum<\/em>. Reconstituire ideal\u0103 (desen Dan B\u0103cue\u021b-Cri\u0219an)\/Roman cavalryman from <em>numerus Palmyrenorum<\/em>. Ideal reconstitution (drawing by Dan B\u0103cue\u021b-Cri\u0219an).<\/p>\n<p>Surs\u0103 imagine LIDAR\/LIDAR image source (Opreanu <em>et alii<\/em> 2014): C. H. Opreanu, V. A. L\u0103z\u0103rescu, A. Roman, T. Ursu, S. F\u0103rca\u0219, <em>New light on a Roman fort based on a LIDAR survey in the forested landscape from Porolissum<\/em>, \u00een <em>Ephemeris Napocensis<\/em>, 24, 2014, p. 71-86.<\/p>\n<p>&nbsp;<\/p>\n","protected":false},"excerpt":{"rendered":"<p>POROLISSVM. Castrul roman de pe Dealul Citera &nbsp;POROLISSUM &ndash; Dealul [&hellip;]<\/p>\n","protected":false},"author":1,"featured_media":3639,"comment_status":"open","ping_status":"open","sticky":false,"template":"","format":"standard","meta":{"ngg_post_thumbnail":0,"footnotes":""},"categories":[4],"tags":[141,133,140,54,80],"class_list":["post-3636","post","type-post","status-publish","format-standard","has-post-thumbnail","hentry","category-evenimente","tag-citera","tag-garnizoana","tag-pomat","tag-porolissum","tag-romana"],"yoast_head":"<!-- This site is optimized with the Yoast SEO plugin v27.0 - https:\/\/yoast.com\/product\/yoast-seo-wordpress\/ -->\n<title>ARMATA ROMAN\u0102 \u0218I GARNIZOANELE SALE \u00ceN JUDE\u021aUL S\u0102LAJ (VI)<\/title>\n<meta name=\"description\" content=\"POROLISSVM. Castrul roman de pe Dealul Citera - romanii au construit un castru mai mic ca dimensiune fa\u021b\u0103 de cel de pe Dealul Pomet.\" \/>\n<meta name=\"robots\" content=\"index, follow, max-snippet:-1, max-image-preview:large, max-video-preview:-1\" \/>\n<link rel=\"canonical\" href=\"http:\/\/amiciimuzeuluizalau.ro\/croco\/porolissum-garnizoana\/\" \/>\n<meta property=\"og:locale\" content=\"ro_RO\" \/>\n<meta property=\"og:type\" content=\"article\" \/>\n<meta property=\"og:title\" content=\"ARMATA ROMAN\u0102 \u0218I GARNIZOANELE SALE \u00ceN JUDE\u021aUL S\u0102LAJ (VI)\" \/>\n<meta property=\"og:description\" content=\"POROLISSVM. Castrul roman de pe Dealul Citera - romanii au construit un castru mai mic ca dimensiune fa\u021b\u0103 de cel de pe Dealul Pomet.\" \/>\n<meta property=\"og:url\" content=\"http:\/\/amiciimuzeuluizalau.ro\/croco\/porolissum-garnizoana\/\" \/>\n<meta property=\"og:site_name\" content=\"ASOCIA\u021aIA AMICII MUZEULUI - ZAL\u0102U\" \/>\n<meta property=\"article:published_time\" content=\"2020-01-26T19:05:23+00:00\" \/>\n<meta property=\"article:modified_time\" content=\"2020-01-26T19:12:22+00:00\" \/>\n<meta property=\"og:image\" content=\"http:\/\/amiciimuzeuluizalau.ro\/croco\/wp-content\/uploads\/2020\/01\/Calaret.jpg\" \/>\n\t<meta property=\"og:image:width\" content=\"957\" \/>\n\t<meta property=\"og:image:height\" content=\"452\" \/>\n\t<meta property=\"og:image:type\" content=\"image\/jpeg\" \/>\n<meta name=\"author\" content=\"Decebal\" \/>\n<meta name=\"twitter:label1\" content=\"Scris de\" \/>\n\t<meta name=\"twitter:data1\" content=\"Decebal\" \/>\n\t<meta name=\"twitter:label2\" content=\"Timp estimat pentru citire\" \/>\n\t<meta name=\"twitter:data2\" content=\"1 minut\" \/>\n<script type=\"application\/ld+json\" class=\"yoast-schema-graph\">{\"@context\":\"https:\/\/schema.org\",\"@graph\":[{\"@type\":\"Article\",\"@id\":\"http:\/\/amiciimuzeuluizalau.ro\/croco\/porolissum-garnizoana\/#article\",\"isPartOf\":{\"@id\":\"http:\/\/amiciimuzeuluizalau.ro\/croco\/porolissum-garnizoana\/\"},\"author\":{\"name\":\"Decebal\",\"@id\":\"https:\/\/amiciimuzeuluizalau.ro\/croco\/#\/schema\/person\/6c53bb3e1c6de5ef675f935f5d043280\"},\"headline\":\"ARMATA ROMAN\u0102 \u0218I GARNIZOANELE SALE \u00ceN JUDE\u021aUL S\u0102LAJ (VI)\",\"datePublished\":\"2020-01-26T19:05:23+00:00\",\"dateModified\":\"2020-01-26T19:12:22+00:00\",\"mainEntityOfPage\":{\"@id\":\"http:\/\/amiciimuzeuluizalau.ro\/croco\/porolissum-garnizoana\/\"},\"wordCount\":276,\"commentCount\":0,\"publisher\":{\"@id\":\"https:\/\/amiciimuzeuluizalau.ro\/croco\/#organization\"},\"image\":{\"@id\":\"http:\/\/amiciimuzeuluizalau.ro\/croco\/porolissum-garnizoana\/#primaryimage\"},\"thumbnailUrl\":\"http:\/\/amiciimuzeuluizalau.ro\/croco\/wp-content\/uploads\/2020\/01\/Calaret.jpg\",\"keywords\":[\"Citera\",\"garnizoana\",\"Pomat\",\"Porolissum\",\"romana\"],\"articleSection\":[\"Evenimente\"],\"inLanguage\":\"ro-RO\",\"potentialAction\":[{\"@type\":\"CommentAction\",\"name\":\"Comment\",\"target\":[\"http:\/\/amiciimuzeuluizalau.ro\/croco\/porolissum-garnizoana\/#respond\"]}]},{\"@type\":\"WebPage\",\"@id\":\"http:\/\/amiciimuzeuluizalau.ro\/croco\/porolissum-garnizoana\/\",\"url\":\"http:\/\/amiciimuzeuluizalau.ro\/croco\/porolissum-garnizoana\/\",\"name\":\"ARMATA ROMAN\u0102 \u0218I GARNIZOANELE SALE \u00ceN JUDE\u021aUL S\u0102LAJ (VI)\",\"isPartOf\":{\"@id\":\"https:\/\/amiciimuzeuluizalau.ro\/croco\/#website\"},\"primaryImageOfPage\":{\"@id\":\"http:\/\/amiciimuzeuluizalau.ro\/croco\/porolissum-garnizoana\/#primaryimage\"},\"image\":{\"@id\":\"http:\/\/amiciimuzeuluizalau.ro\/croco\/porolissum-garnizoana\/#primaryimage\"},\"thumbnailUrl\":\"http:\/\/amiciimuzeuluizalau.ro\/croco\/wp-content\/uploads\/2020\/01\/Calaret.jpg\",\"datePublished\":\"2020-01-26T19:05:23+00:00\",\"dateModified\":\"2020-01-26T19:12:22+00:00\",\"description\":\"POROLISSVM. Castrul roman de pe Dealul Citera - romanii au construit un castru mai mic ca dimensiune fa\u021b\u0103 de cel de pe Dealul Pomet.\",\"breadcrumb\":{\"@id\":\"http:\/\/amiciimuzeuluizalau.ro\/croco\/porolissum-garnizoana\/#breadcrumb\"},\"inLanguage\":\"ro-RO\",\"potentialAction\":[{\"@type\":\"ReadAction\",\"target\":[\"http:\/\/amiciimuzeuluizalau.ro\/croco\/porolissum-garnizoana\/\"]}]},{\"@type\":\"ImageObject\",\"inLanguage\":\"ro-RO\",\"@id\":\"http:\/\/amiciimuzeuluizalau.ro\/croco\/porolissum-garnizoana\/#primaryimage\",\"url\":\"http:\/\/amiciimuzeuluizalau.ro\/croco\/wp-content\/uploads\/2020\/01\/Calaret.jpg\",\"contentUrl\":\"http:\/\/amiciimuzeuluizalau.ro\/croco\/wp-content\/uploads\/2020\/01\/Calaret.jpg\",\"width\":957,\"height\":452},{\"@type\":\"BreadcrumbList\",\"@id\":\"http:\/\/amiciimuzeuluizalau.ro\/croco\/porolissum-garnizoana\/#breadcrumb\",\"itemListElement\":[{\"@type\":\"ListItem\",\"position\":1,\"name\":\"Home\",\"item\":\"https:\/\/amiciimuzeuluizalau.ro\/croco\/\"},{\"@type\":\"ListItem\",\"position\":2,\"name\":\"ARMATA ROMAN\u0102 \u0218I GARNIZOANELE SALE \u00ceN JUDE\u021aUL S\u0102LAJ (VI)\"}]},{\"@type\":\"WebSite\",\"@id\":\"https:\/\/amiciimuzeuluizalau.ro\/croco\/#website\",\"url\":\"https:\/\/amiciimuzeuluizalau.ro\/croco\/\",\"name\":\"ASOCIA\u021aIA AMICII MUZEULUI - ZAL\u0102U\",\"description\":\"EDUCA\u021aIE PRIN ISTORIE\",\"publisher\":{\"@id\":\"https:\/\/amiciimuzeuluizalau.ro\/croco\/#organization\"},\"potentialAction\":[{\"@type\":\"SearchAction\",\"target\":{\"@type\":\"EntryPoint\",\"urlTemplate\":\"https:\/\/amiciimuzeuluizalau.ro\/croco\/?s={search_term_string}\"},\"query-input\":{\"@type\":\"PropertyValueSpecification\",\"valueRequired\":true,\"valueName\":\"search_term_string\"}}],\"inLanguage\":\"ro-RO\"},{\"@type\":\"Organization\",\"@id\":\"https:\/\/amiciimuzeuluizalau.ro\/croco\/#organization\",\"name\":\"Asocia\u021bia Amicii Muzeului Zal\u0103u\",\"url\":\"https:\/\/amiciimuzeuluizalau.ro\/croco\/\",\"logo\":{\"@type\":\"ImageObject\",\"inLanguage\":\"ro-RO\",\"@id\":\"https:\/\/amiciimuzeuluizalau.ro\/croco\/#\/schema\/logo\/image\/\",\"url\":\"http:\/\/amiciimuzeuluizalau.ro\/croco\/wp-content\/uploads\/2014\/11\/sigla_final-011.jpg\",\"contentUrl\":\"http:\/\/amiciimuzeuluizalau.ro\/croco\/wp-content\/uploads\/2014\/11\/sigla_final-011.jpg\",\"width\":3508,\"height\":2480,\"caption\":\"Asocia\u021bia Amicii Muzeului Zal\u0103u\"},\"image\":{\"@id\":\"https:\/\/amiciimuzeuluizalau.ro\/croco\/#\/schema\/logo\/image\/\"}},{\"@type\":\"Person\",\"@id\":\"https:\/\/amiciimuzeuluizalau.ro\/croco\/#\/schema\/person\/6c53bb3e1c6de5ef675f935f5d043280\",\"name\":\"Decebal\",\"image\":{\"@type\":\"ImageObject\",\"inLanguage\":\"ro-RO\",\"@id\":\"https:\/\/amiciimuzeuluizalau.ro\/croco\/#\/schema\/person\/image\/\",\"url\":\"https:\/\/secure.gravatar.com\/avatar\/806973ced08ef762c11b3548d8ca214c9a6110fb3cabafbe85f7ed26ac08678b?s=96&d=identicon&r=g\",\"contentUrl\":\"https:\/\/secure.gravatar.com\/avatar\/806973ced08ef762c11b3548d8ca214c9a6110fb3cabafbe85f7ed26ac08678b?s=96&d=identicon&r=g\",\"caption\":\"Decebal\"},\"url\":\"http:\/\/amiciimuzeuluizalau.ro\/croco\/author\/croco\/\"}]}<\/script>\n<!-- \/ Yoast SEO plugin. -->","yoast_head_json":{"title":"ARMATA ROMAN\u0102 \u0218I GARNIZOANELE SALE \u00ceN JUDE\u021aUL S\u0102LAJ (VI)","description":"POROLISSVM. Castrul roman de pe Dealul Citera - romanii au construit un castru mai mic ca dimensiune fa\u021b\u0103 de cel de pe Dealul Pomet.","robots":{"index":"index","follow":"follow","max-snippet":"max-snippet:-1","max-image-preview":"max-image-preview:large","max-video-preview":"max-video-preview:-1"},"canonical":"http:\/\/amiciimuzeuluizalau.ro\/croco\/porolissum-garnizoana\/","og_locale":"ro_RO","og_type":"article","og_title":"ARMATA ROMAN\u0102 \u0218I GARNIZOANELE SALE \u00ceN JUDE\u021aUL S\u0102LAJ (VI)","og_description":"POROLISSVM. Castrul roman de pe Dealul Citera - romanii au construit un castru mai mic ca dimensiune fa\u021b\u0103 de cel de pe Dealul Pomet.","og_url":"http:\/\/amiciimuzeuluizalau.ro\/croco\/porolissum-garnizoana\/","og_site_name":"ASOCIA\u021aIA AMICII MUZEULUI - ZAL\u0102U","article_published_time":"2020-01-26T19:05:23+00:00","article_modified_time":"2020-01-26T19:12:22+00:00","og_image":[{"width":957,"height":452,"url":"http:\/\/amiciimuzeuluizalau.ro\/croco\/wp-content\/uploads\/2020\/01\/Calaret.jpg","type":"image\/jpeg"}],"author":"Decebal","twitter_misc":{"Scris de":"Decebal","Timp estimat pentru citire":"1 minut"},"schema":{"@context":"https:\/\/schema.org","@graph":[{"@type":"Article","@id":"http:\/\/amiciimuzeuluizalau.ro\/croco\/porolissum-garnizoana\/#article","isPartOf":{"@id":"http:\/\/amiciimuzeuluizalau.ro\/croco\/porolissum-garnizoana\/"},"author":{"name":"Decebal","@id":"https:\/\/amiciimuzeuluizalau.ro\/croco\/#\/schema\/person\/6c53bb3e1c6de5ef675f935f5d043280"},"headline":"ARMATA ROMAN\u0102 \u0218I GARNIZOANELE SALE \u00ceN JUDE\u021aUL S\u0102LAJ (VI)","datePublished":"2020-01-26T19:05:23+00:00","dateModified":"2020-01-26T19:12:22+00:00","mainEntityOfPage":{"@id":"http:\/\/amiciimuzeuluizalau.ro\/croco\/porolissum-garnizoana\/"},"wordCount":276,"commentCount":0,"publisher":{"@id":"https:\/\/amiciimuzeuluizalau.ro\/croco\/#organization"},"image":{"@id":"http:\/\/amiciimuzeuluizalau.ro\/croco\/porolissum-garnizoana\/#primaryimage"},"thumbnailUrl":"http:\/\/amiciimuzeuluizalau.ro\/croco\/wp-content\/uploads\/2020\/01\/Calaret.jpg","keywords":["Citera","garnizoana","Pomat","Porolissum","romana"],"articleSection":["Evenimente"],"inLanguage":"ro-RO","potentialAction":[{"@type":"CommentAction","name":"Comment","target":["http:\/\/amiciimuzeuluizalau.ro\/croco\/porolissum-garnizoana\/#respond"]}]},{"@type":"WebPage","@id":"http:\/\/amiciimuzeuluizalau.ro\/croco\/porolissum-garnizoana\/","url":"http:\/\/amiciimuzeuluizalau.ro\/croco\/porolissum-garnizoana\/","name":"ARMATA ROMAN\u0102 \u0218I GARNIZOANELE SALE \u00ceN JUDE\u021aUL S\u0102LAJ (VI)","isPartOf":{"@id":"https:\/\/amiciimuzeuluizalau.ro\/croco\/#website"},"primaryImageOfPage":{"@id":"http:\/\/amiciimuzeuluizalau.ro\/croco\/porolissum-garnizoana\/#primaryimage"},"image":{"@id":"http:\/\/amiciimuzeuluizalau.ro\/croco\/porolissum-garnizoana\/#primaryimage"},"thumbnailUrl":"http:\/\/amiciimuzeuluizalau.ro\/croco\/wp-content\/uploads\/2020\/01\/Calaret.jpg","datePublished":"2020-01-26T19:05:23+00:00","dateModified":"2020-01-26T19:12:22+00:00","description":"POROLISSVM. Castrul roman de pe Dealul Citera - romanii au construit un castru mai mic ca dimensiune fa\u021b\u0103 de cel de pe Dealul Pomet.","breadcrumb":{"@id":"http:\/\/amiciimuzeuluizalau.ro\/croco\/porolissum-garnizoana\/#breadcrumb"},"inLanguage":"ro-RO","potentialAction":[{"@type":"ReadAction","target":["http:\/\/amiciimuzeuluizalau.ro\/croco\/porolissum-garnizoana\/"]}]},{"@type":"ImageObject","inLanguage":"ro-RO","@id":"http:\/\/amiciimuzeuluizalau.ro\/croco\/porolissum-garnizoana\/#primaryimage","url":"http:\/\/amiciimuzeuluizalau.ro\/croco\/wp-content\/uploads\/2020\/01\/Calaret.jpg","contentUrl":"http:\/\/amiciimuzeuluizalau.ro\/croco\/wp-content\/uploads\/2020\/01\/Calaret.jpg","width":957,"height":452},{"@type":"BreadcrumbList","@id":"http:\/\/amiciimuzeuluizalau.ro\/croco\/porolissum-garnizoana\/#breadcrumb","itemListElement":[{"@type":"ListItem","position":1,"name":"Home","item":"https:\/\/amiciimuzeuluizalau.ro\/croco\/"},{"@type":"ListItem","position":2,"name":"ARMATA ROMAN\u0102 \u0218I GARNIZOANELE SALE \u00ceN JUDE\u021aUL S\u0102LAJ (VI)"}]},{"@type":"WebSite","@id":"https:\/\/amiciimuzeuluizalau.ro\/croco\/#website","url":"https:\/\/amiciimuzeuluizalau.ro\/croco\/","name":"ASOCIA\u021aIA AMICII MUZEULUI - ZAL\u0102U","description":"EDUCA\u021aIE PRIN ISTORIE","publisher":{"@id":"https:\/\/amiciimuzeuluizalau.ro\/croco\/#organization"},"potentialAction":[{"@type":"SearchAction","target":{"@type":"EntryPoint","urlTemplate":"https:\/\/amiciimuzeuluizalau.ro\/croco\/?s={search_term_string}"},"query-input":{"@type":"PropertyValueSpecification","valueRequired":true,"valueName":"search_term_string"}}],"inLanguage":"ro-RO"},{"@type":"Organization","@id":"https:\/\/amiciimuzeuluizalau.ro\/croco\/#organization","name":"Asocia\u021bia Amicii Muzeului Zal\u0103u","url":"https:\/\/amiciimuzeuluizalau.ro\/croco\/","logo":{"@type":"ImageObject","inLanguage":"ro-RO","@id":"https:\/\/amiciimuzeuluizalau.ro\/croco\/#\/schema\/logo\/image\/","url":"http:\/\/amiciimuzeuluizalau.ro\/croco\/wp-content\/uploads\/2014\/11\/sigla_final-011.jpg","contentUrl":"http:\/\/amiciimuzeuluizalau.ro\/croco\/wp-content\/uploads\/2014\/11\/sigla_final-011.jpg","width":3508,"height":2480,"caption":"Asocia\u021bia Amicii Muzeului Zal\u0103u"},"image":{"@id":"https:\/\/amiciimuzeuluizalau.ro\/croco\/#\/schema\/logo\/image\/"}},{"@type":"Person","@id":"https:\/\/amiciimuzeuluizalau.ro\/croco\/#\/schema\/person\/6c53bb3e1c6de5ef675f935f5d043280","name":"Decebal","image":{"@type":"ImageObject","inLanguage":"ro-RO","@id":"https:\/\/amiciimuzeuluizalau.ro\/croco\/#\/schema\/person\/image\/","url":"https:\/\/secure.gravatar.com\/avatar\/806973ced08ef762c11b3548d8ca214c9a6110fb3cabafbe85f7ed26ac08678b?s=96&d=identicon&r=g","contentUrl":"https:\/\/secure.gravatar.com\/avatar\/806973ced08ef762c11b3548d8ca214c9a6110fb3cabafbe85f7ed26ac08678b?s=96&d=identicon&r=g","caption":"Decebal"},"url":"http:\/\/amiciimuzeuluizalau.ro\/croco\/author\/croco\/"}]}},"_links":{"self":[{"href":"http:\/\/amiciimuzeuluizalau.ro\/croco\/wp-json\/wp\/v2\/posts\/3636","targetHints":{"allow":["GET"]}}],"collection":[{"href":"http:\/\/amiciimuzeuluizalau.ro\/croco\/wp-json\/wp\/v2\/posts"}],"about":[{"href":"http:\/\/amiciimuzeuluizalau.ro\/croco\/wp-json\/wp\/v2\/types\/post"}],"author":[{"embeddable":true,"href":"http:\/\/amiciimuzeuluizalau.ro\/croco\/wp-json\/wp\/v2\/users\/1"}],"replies":[{"embeddable":true,"href":"http:\/\/amiciimuzeuluizalau.ro\/croco\/wp-json\/wp\/v2\/comments?post=3636"}],"version-history":[{"count":4,"href":"http:\/\/amiciimuzeuluizalau.ro\/croco\/wp-json\/wp\/v2\/posts\/3636\/revisions"}],"predecessor-version":[{"id":3642,"href":"http:\/\/amiciimuzeuluizalau.ro\/croco\/wp-json\/wp\/v2\/posts\/3636\/revisions\/3642"}],"wp:featuredmedia":[{"embeddable":true,"href":"http:\/\/amiciimuzeuluizalau.ro\/croco\/wp-json\/wp\/v2\/media\/3639"}],"wp:attachment":[{"href":"http:\/\/amiciimuzeuluizalau.ro\/croco\/wp-json\/wp\/v2\/media?parent=3636"}],"wp:term":[{"taxonomy":"category","embeddable":true,"href":"http:\/\/amiciimuzeuluizalau.ro\/croco\/wp-json\/wp\/v2\/categories?post=3636"},{"taxonomy":"post_tag","embeddable":true,"href":"http:\/\/amiciimuzeuluizalau.ro\/croco\/wp-json\/wp\/v2\/tags?post=3636"}],"curies":[{"name":"wp","href":"https:\/\/api.w.org\/{rel}","templated":true}]}}