{"id":3597,"date":"2019-12-24T07:45:48","date_gmt":"2019-12-24T05:45:48","guid":{"rendered":"http:\/\/amiciimuzeuluizalau.ro\/croco\/?p=3597"},"modified":"2019-12-24T07:48:27","modified_gmt":"2019-12-24T05:48:27","slug":"sarbatori-fericite-si-la-multi-ani","status":"publish","type":"post","link":"http:\/\/amiciimuzeuluizalau.ro\/croco\/sarbatori-fericite-si-la-multi-ani\/","title":{"rendered":"S\u0103rb\u0103tori fericite \u0219i La mul\u021bi ani!"},"content":{"rendered":"<p style=\"text-align: center;\"><span style=\"font-size: 14pt;\"><strong><span style=\"font-family: 'Comic Sans MS', sans-serif;\">Pentru c\u0103 suntem \u00een perioada s\u0103rb\u0103torilor, c\u00e2nd lini\u0219tea, armonia \u0219i pacea ar trebui s\u0103 domneasca peste tot, Mo\u0219ul Roman \u0219i cu Mo\u0219ul Dac, se lupt\u0103 doar \u00een &#8230;..cadouri!<\/span><\/strong><\/span><\/p>\n<p><img loading=\"lazy\" decoding=\"async\" class=\"aligncenter wp-image-3598 size-large\" src=\"http:\/\/amiciimuzeuluizalau.ro\/croco\/wp-content\/uploads\/2019\/12\/Urare-Amicii-1024x822.jpg\" alt=\"\" width=\"640\" height=\"514\" srcset=\"http:\/\/amiciimuzeuluizalau.ro\/croco\/wp-content\/uploads\/2019\/12\/Urare-Amicii-1024x822.jpg 1024w, http:\/\/amiciimuzeuluizalau.ro\/croco\/wp-content\/uploads\/2019\/12\/Urare-Amicii-600x482.jpg 600w, http:\/\/amiciimuzeuluizalau.ro\/croco\/wp-content\/uploads\/2019\/12\/Urare-Amicii-768x616.jpg 768w, http:\/\/amiciimuzeuluizalau.ro\/croco\/wp-content\/uploads\/2019\/12\/Urare-Amicii.jpg 1200w\" sizes=\"auto, (max-width: 640px) 100vw, 640px\" \/><\/p>\n<h3 style=\"text-align: center;\">Asocia\u021bia Amicii Muzeului Zal\u0103u v\u0103 ureaz\u0103 lumin\u0103 \u0219i pace \u00een suflete, s\u0103n\u0103tate \u0219i prosperitate \u00een anul ce vine!<\/h3>\n<p style=\"text-align: right;\">CONDUCEREA ASOCIA\u021aIEI AMICII MUZEULUI ZAL\u0102U<\/p>\n","protected":false},"excerpt":{"rendered":"<p>Pentru c&#259; suntem &icirc;n perioada s&#259;rb&#259;torilor, c&acirc;nd lini&#537;tea, armonia &#537;i [&hellip;]<\/p>\n","protected":false},"author":1,"featured_media":3598,"comment_status":"open","ping_status":"open","sticky":false,"template":"","format":"standard","meta":{"ngg_post_thumbnail":0,"footnotes":""},"categories":[4],"tags":[46,136,45],"class_list":["post-3597","post","type-post","status-publish","format-standard","has-post-thumbnail","hentry","category-evenimente","tag-la-multi-ani","tag-sarbatori","tag-urare"],"yoast_head":"<!-- This site is optimized with the Yoast SEO plugin v27.0 - https:\/\/yoast.com\/product\/yoast-seo-wordpress\/ -->\n<title>S\u0103rb\u0103tori fericite \u0219i La mul\u021bi ani! Asocia\u021bia Amicii Muzeului Zal\u0103u<\/title>\n<meta name=\"description\" content=\"Asocia\u021bia Amicii Muzeului Zal\u0103u v\u0103 ureaz\u0103 lumin\u0103 \u0219i pace \u00een suflete, s\u0103n\u0103tate \u0219i prosperitate \u00een anul ce vine! S\u0103rb\u0103tori fericite!\" \/>\n<meta name=\"robots\" content=\"index, follow, max-snippet:-1, max-image-preview:large, max-video-preview:-1\" \/>\n<link rel=\"canonical\" href=\"http:\/\/amiciimuzeuluizalau.ro\/croco\/sarbatori-fericite-si-la-multi-ani\/\" \/>\n<meta property=\"og:locale\" content=\"ro_RO\" \/>\n<meta property=\"og:type\" content=\"article\" \/>\n<meta property=\"og:title\" content=\"S\u0103rb\u0103tori fericite \u0219i La mul\u021bi ani! Asocia\u021bia Amicii Muzeului Zal\u0103u\" \/>\n<meta property=\"og:description\" content=\"Asocia\u021bia Amicii Muzeului Zal\u0103u v\u0103 ureaz\u0103 lumin\u0103 \u0219i pace \u00een suflete, s\u0103n\u0103tate \u0219i prosperitate \u00een anul ce vine! S\u0103rb\u0103tori fericite!\" \/>\n<meta property=\"og:url\" content=\"http:\/\/amiciimuzeuluizalau.ro\/croco\/sarbatori-fericite-si-la-multi-ani\/\" \/>\n<meta property=\"og:site_name\" content=\"ASOCIA\u021aIA AMICII MUZEULUI - ZAL\u0102U\" \/>\n<meta property=\"article:published_time\" content=\"2019-12-24T05:45:48+00:00\" \/>\n<meta property=\"article:modified_time\" content=\"2019-12-24T05:48:27+00:00\" \/>\n<meta property=\"og:image\" content=\"http:\/\/amiciimuzeuluizalau.ro\/croco\/wp-content\/uploads\/2019\/12\/Urare-Amicii.jpg\" \/>\n\t<meta property=\"og:image:width\" content=\"1200\" \/>\n\t<meta property=\"og:image:height\" content=\"963\" \/>\n\t<meta property=\"og:image:type\" content=\"image\/jpeg\" \/>\n<meta name=\"author\" content=\"Decebal\" \/>\n<meta name=\"twitter:label1\" content=\"Scris de\" \/>\n\t<meta name=\"twitter:data1\" content=\"Decebal\" \/>\n<script type=\"application\/ld+json\" class=\"yoast-schema-graph\">{\"@context\":\"https:\/\/schema.org\",\"@graph\":[{\"@type\":\"Article\",\"@id\":\"http:\/\/amiciimuzeuluizalau.ro\/croco\/sarbatori-fericite-si-la-multi-ani\/#article\",\"isPartOf\":{\"@id\":\"http:\/\/amiciimuzeuluizalau.ro\/croco\/sarbatori-fericite-si-la-multi-ani\/\"},\"author\":{\"name\":\"Decebal\",\"@id\":\"https:\/\/amiciimuzeuluizalau.ro\/croco\/#\/schema\/person\/6c53bb3e1c6de5ef675f935f5d043280\"},\"headline\":\"S\u0103rb\u0103tori fericite \u0219i La mul\u021bi ani!\",\"datePublished\":\"2019-12-24T05:45:48+00:00\",\"dateModified\":\"2019-12-24T05:48:27+00:00\",\"mainEntityOfPage\":{\"@id\":\"http:\/\/amiciimuzeuluizalau.ro\/croco\/sarbatori-fericite-si-la-multi-ani\/\"},\"wordCount\":72,\"commentCount\":0,\"publisher\":{\"@id\":\"https:\/\/amiciimuzeuluizalau.ro\/croco\/#organization\"},\"image\":{\"@id\":\"http:\/\/amiciimuzeuluizalau.ro\/croco\/sarbatori-fericite-si-la-multi-ani\/#primaryimage\"},\"thumbnailUrl\":\"http:\/\/amiciimuzeuluizalau.ro\/croco\/wp-content\/uploads\/2019\/12\/Urare-Amicii.jpg\",\"keywords\":[\"La multi ani\",\"sarbatori\",\"urare\"],\"articleSection\":[\"Evenimente\"],\"inLanguage\":\"ro-RO\",\"potentialAction\":[{\"@type\":\"CommentAction\",\"name\":\"Comment\",\"target\":[\"http:\/\/amiciimuzeuluizalau.ro\/croco\/sarbatori-fericite-si-la-multi-ani\/#respond\"]}]},{\"@type\":\"WebPage\",\"@id\":\"http:\/\/amiciimuzeuluizalau.ro\/croco\/sarbatori-fericite-si-la-multi-ani\/\",\"url\":\"http:\/\/amiciimuzeuluizalau.ro\/croco\/sarbatori-fericite-si-la-multi-ani\/\",\"name\":\"S\u0103rb\u0103tori fericite \u0219i La mul\u021bi ani! Asocia\u021bia Amicii Muzeului Zal\u0103u\",\"isPartOf\":{\"@id\":\"https:\/\/amiciimuzeuluizalau.ro\/croco\/#website\"},\"primaryImageOfPage\":{\"@id\":\"http:\/\/amiciimuzeuluizalau.ro\/croco\/sarbatori-fericite-si-la-multi-ani\/#primaryimage\"},\"image\":{\"@id\":\"http:\/\/amiciimuzeuluizalau.ro\/croco\/sarbatori-fericite-si-la-multi-ani\/#primaryimage\"},\"thumbnailUrl\":\"http:\/\/amiciimuzeuluizalau.ro\/croco\/wp-content\/uploads\/2019\/12\/Urare-Amicii.jpg\",\"datePublished\":\"2019-12-24T05:45:48+00:00\",\"dateModified\":\"2019-12-24T05:48:27+00:00\",\"description\":\"Asocia\u021bia Amicii Muzeului Zal\u0103u v\u0103 ureaz\u0103 lumin\u0103 \u0219i pace \u00een suflete, s\u0103n\u0103tate \u0219i prosperitate \u00een anul ce vine! S\u0103rb\u0103tori fericite!\",\"breadcrumb\":{\"@id\":\"http:\/\/amiciimuzeuluizalau.ro\/croco\/sarbatori-fericite-si-la-multi-ani\/#breadcrumb\"},\"inLanguage\":\"ro-RO\",\"potentialAction\":[{\"@type\":\"ReadAction\",\"target\":[\"http:\/\/amiciimuzeuluizalau.ro\/croco\/sarbatori-fericite-si-la-multi-ani\/\"]}]},{\"@type\":\"ImageObject\",\"inLanguage\":\"ro-RO\",\"@id\":\"http:\/\/amiciimuzeuluizalau.ro\/croco\/sarbatori-fericite-si-la-multi-ani\/#primaryimage\",\"url\":\"http:\/\/amiciimuzeuluizalau.ro\/croco\/wp-content\/uploads\/2019\/12\/Urare-Amicii.jpg\",\"contentUrl\":\"http:\/\/amiciimuzeuluizalau.ro\/croco\/wp-content\/uploads\/2019\/12\/Urare-Amicii.jpg\",\"width\":1200,\"height\":963},{\"@type\":\"BreadcrumbList\",\"@id\":\"http:\/\/amiciimuzeuluizalau.ro\/croco\/sarbatori-fericite-si-la-multi-ani\/#breadcrumb\",\"itemListElement\":[{\"@type\":\"ListItem\",\"position\":1,\"name\":\"Home\",\"item\":\"https:\/\/amiciimuzeuluizalau.ro\/croco\/\"},{\"@type\":\"ListItem\",\"position\":2,\"name\":\"S\u0103rb\u0103tori fericite \u0219i La mul\u021bi ani!\"}]},{\"@type\":\"WebSite\",\"@id\":\"https:\/\/amiciimuzeuluizalau.ro\/croco\/#website\",\"url\":\"https:\/\/amiciimuzeuluizalau.ro\/croco\/\",\"name\":\"ASOCIA\u021aIA AMICII MUZEULUI - ZAL\u0102U\",\"description\":\"EDUCA\u021aIE PRIN ISTORIE\",\"publisher\":{\"@id\":\"https:\/\/amiciimuzeuluizalau.ro\/croco\/#organization\"},\"potentialAction\":[{\"@type\":\"SearchAction\",\"target\":{\"@type\":\"EntryPoint\",\"urlTemplate\":\"https:\/\/amiciimuzeuluizalau.ro\/croco\/?s={search_term_string}\"},\"query-input\":{\"@type\":\"PropertyValueSpecification\",\"valueRequired\":true,\"valueName\":\"search_term_string\"}}],\"inLanguage\":\"ro-RO\"},{\"@type\":\"Organization\",\"@id\":\"https:\/\/amiciimuzeuluizalau.ro\/croco\/#organization\",\"name\":\"Asocia\u021bia Amicii Muzeului Zal\u0103u\",\"url\":\"https:\/\/amiciimuzeuluizalau.ro\/croco\/\",\"logo\":{\"@type\":\"ImageObject\",\"inLanguage\":\"ro-RO\",\"@id\":\"https:\/\/amiciimuzeuluizalau.ro\/croco\/#\/schema\/logo\/image\/\",\"url\":\"http:\/\/amiciimuzeuluizalau.ro\/croco\/wp-content\/uploads\/2014\/11\/sigla_final-011.jpg\",\"contentUrl\":\"http:\/\/amiciimuzeuluizalau.ro\/croco\/wp-content\/uploads\/2014\/11\/sigla_final-011.jpg\",\"width\":3508,\"height\":2480,\"caption\":\"Asocia\u021bia Amicii Muzeului Zal\u0103u\"},\"image\":{\"@id\":\"https:\/\/amiciimuzeuluizalau.ro\/croco\/#\/schema\/logo\/image\/\"}},{\"@type\":\"Person\",\"@id\":\"https:\/\/amiciimuzeuluizalau.ro\/croco\/#\/schema\/person\/6c53bb3e1c6de5ef675f935f5d043280\",\"name\":\"Decebal\",\"image\":{\"@type\":\"ImageObject\",\"inLanguage\":\"ro-RO\",\"@id\":\"https:\/\/amiciimuzeuluizalau.ro\/croco\/#\/schema\/person\/image\/\",\"url\":\"https:\/\/secure.gravatar.com\/avatar\/806973ced08ef762c11b3548d8ca214c9a6110fb3cabafbe85f7ed26ac08678b?s=96&d=identicon&r=g\",\"contentUrl\":\"https:\/\/secure.gravatar.com\/avatar\/806973ced08ef762c11b3548d8ca214c9a6110fb3cabafbe85f7ed26ac08678b?s=96&d=identicon&r=g\",\"caption\":\"Decebal\"},\"url\":\"http:\/\/amiciimuzeuluizalau.ro\/croco\/author\/croco\/\"}]}<\/script>\n<!-- \/ Yoast SEO plugin. -->","yoast_head_json":{"title":"S\u0103rb\u0103tori fericite \u0219i La mul\u021bi ani! Asocia\u021bia Amicii Muzeului Zal\u0103u","description":"Asocia\u021bia Amicii Muzeului Zal\u0103u v\u0103 ureaz\u0103 lumin\u0103 \u0219i pace \u00een suflete, s\u0103n\u0103tate \u0219i prosperitate \u00een anul ce vine! S\u0103rb\u0103tori fericite!","robots":{"index":"index","follow":"follow","max-snippet":"max-snippet:-1","max-image-preview":"max-image-preview:large","max-video-preview":"max-video-preview:-1"},"canonical":"http:\/\/amiciimuzeuluizalau.ro\/croco\/sarbatori-fericite-si-la-multi-ani\/","og_locale":"ro_RO","og_type":"article","og_title":"S\u0103rb\u0103tori fericite \u0219i La mul\u021bi ani! Asocia\u021bia Amicii Muzeului Zal\u0103u","og_description":"Asocia\u021bia Amicii Muzeului Zal\u0103u v\u0103 ureaz\u0103 lumin\u0103 \u0219i pace \u00een suflete, s\u0103n\u0103tate \u0219i prosperitate \u00een anul ce vine! S\u0103rb\u0103tori fericite!","og_url":"http:\/\/amiciimuzeuluizalau.ro\/croco\/sarbatori-fericite-si-la-multi-ani\/","og_site_name":"ASOCIA\u021aIA AMICII MUZEULUI - ZAL\u0102U","article_published_time":"2019-12-24T05:45:48+00:00","article_modified_time":"2019-12-24T05:48:27+00:00","og_image":[{"width":1200,"height":963,"url":"http:\/\/amiciimuzeuluizalau.ro\/croco\/wp-content\/uploads\/2019\/12\/Urare-Amicii.jpg","type":"image\/jpeg"}],"author":"Decebal","twitter_misc":{"Scris de":"Decebal"},"schema":{"@context":"https:\/\/schema.org","@graph":[{"@type":"Article","@id":"http:\/\/amiciimuzeuluizalau.ro\/croco\/sarbatori-fericite-si-la-multi-ani\/#article","isPartOf":{"@id":"http:\/\/amiciimuzeuluizalau.ro\/croco\/sarbatori-fericite-si-la-multi-ani\/"},"author":{"name":"Decebal","@id":"https:\/\/amiciimuzeuluizalau.ro\/croco\/#\/schema\/person\/6c53bb3e1c6de5ef675f935f5d043280"},"headline":"S\u0103rb\u0103tori fericite \u0219i La mul\u021bi ani!","datePublished":"2019-12-24T05:45:48+00:00","dateModified":"2019-12-24T05:48:27+00:00","mainEntityOfPage":{"@id":"http:\/\/amiciimuzeuluizalau.ro\/croco\/sarbatori-fericite-si-la-multi-ani\/"},"wordCount":72,"commentCount":0,"publisher":{"@id":"https:\/\/amiciimuzeuluizalau.ro\/croco\/#organization"},"image":{"@id":"http:\/\/amiciimuzeuluizalau.ro\/croco\/sarbatori-fericite-si-la-multi-ani\/#primaryimage"},"thumbnailUrl":"http:\/\/amiciimuzeuluizalau.ro\/croco\/wp-content\/uploads\/2019\/12\/Urare-Amicii.jpg","keywords":["La multi ani","sarbatori","urare"],"articleSection":["Evenimente"],"inLanguage":"ro-RO","potentialAction":[{"@type":"CommentAction","name":"Comment","target":["http:\/\/amiciimuzeuluizalau.ro\/croco\/sarbatori-fericite-si-la-multi-ani\/#respond"]}]},{"@type":"WebPage","@id":"http:\/\/amiciimuzeuluizalau.ro\/croco\/sarbatori-fericite-si-la-multi-ani\/","url":"http:\/\/amiciimuzeuluizalau.ro\/croco\/sarbatori-fericite-si-la-multi-ani\/","name":"S\u0103rb\u0103tori fericite \u0219i La mul\u021bi ani! Asocia\u021bia Amicii Muzeului Zal\u0103u","isPartOf":{"@id":"https:\/\/amiciimuzeuluizalau.ro\/croco\/#website"},"primaryImageOfPage":{"@id":"http:\/\/amiciimuzeuluizalau.ro\/croco\/sarbatori-fericite-si-la-multi-ani\/#primaryimage"},"image":{"@id":"http:\/\/amiciimuzeuluizalau.ro\/croco\/sarbatori-fericite-si-la-multi-ani\/#primaryimage"},"thumbnailUrl":"http:\/\/amiciimuzeuluizalau.ro\/croco\/wp-content\/uploads\/2019\/12\/Urare-Amicii.jpg","datePublished":"2019-12-24T05:45:48+00:00","dateModified":"2019-12-24T05:48:27+00:00","description":"Asocia\u021bia Amicii Muzeului Zal\u0103u v\u0103 ureaz\u0103 lumin\u0103 \u0219i pace \u00een suflete, s\u0103n\u0103tate \u0219i prosperitate \u00een anul ce vine! S\u0103rb\u0103tori fericite!","breadcrumb":{"@id":"http:\/\/amiciimuzeuluizalau.ro\/croco\/sarbatori-fericite-si-la-multi-ani\/#breadcrumb"},"inLanguage":"ro-RO","potentialAction":[{"@type":"ReadAction","target":["http:\/\/amiciimuzeuluizalau.ro\/croco\/sarbatori-fericite-si-la-multi-ani\/"]}]},{"@type":"ImageObject","inLanguage":"ro-RO","@id":"http:\/\/amiciimuzeuluizalau.ro\/croco\/sarbatori-fericite-si-la-multi-ani\/#primaryimage","url":"http:\/\/amiciimuzeuluizalau.ro\/croco\/wp-content\/uploads\/2019\/12\/Urare-Amicii.jpg","contentUrl":"http:\/\/amiciimuzeuluizalau.ro\/croco\/wp-content\/uploads\/2019\/12\/Urare-Amicii.jpg","width":1200,"height":963},{"@type":"BreadcrumbList","@id":"http:\/\/amiciimuzeuluizalau.ro\/croco\/sarbatori-fericite-si-la-multi-ani\/#breadcrumb","itemListElement":[{"@type":"ListItem","position":1,"name":"Home","item":"https:\/\/amiciimuzeuluizalau.ro\/croco\/"},{"@type":"ListItem","position":2,"name":"S\u0103rb\u0103tori fericite \u0219i La mul\u021bi ani!"}]},{"@type":"WebSite","@id":"https:\/\/amiciimuzeuluizalau.ro\/croco\/#website","url":"https:\/\/amiciimuzeuluizalau.ro\/croco\/","name":"ASOCIA\u021aIA AMICII MUZEULUI - ZAL\u0102U","description":"EDUCA\u021aIE PRIN ISTORIE","publisher":{"@id":"https:\/\/amiciimuzeuluizalau.ro\/croco\/#organization"},"potentialAction":[{"@type":"SearchAction","target":{"@type":"EntryPoint","urlTemplate":"https:\/\/amiciimuzeuluizalau.ro\/croco\/?s={search_term_string}"},"query-input":{"@type":"PropertyValueSpecification","valueRequired":true,"valueName":"search_term_string"}}],"inLanguage":"ro-RO"},{"@type":"Organization","@id":"https:\/\/amiciimuzeuluizalau.ro\/croco\/#organization","name":"Asocia\u021bia Amicii Muzeului Zal\u0103u","url":"https:\/\/amiciimuzeuluizalau.ro\/croco\/","logo":{"@type":"ImageObject","inLanguage":"ro-RO","@id":"https:\/\/amiciimuzeuluizalau.ro\/croco\/#\/schema\/logo\/image\/","url":"http:\/\/amiciimuzeuluizalau.ro\/croco\/wp-content\/uploads\/2014\/11\/sigla_final-011.jpg","contentUrl":"http:\/\/amiciimuzeuluizalau.ro\/croco\/wp-content\/uploads\/2014\/11\/sigla_final-011.jpg","width":3508,"height":2480,"caption":"Asocia\u021bia Amicii Muzeului Zal\u0103u"},"image":{"@id":"https:\/\/amiciimuzeuluizalau.ro\/croco\/#\/schema\/logo\/image\/"}},{"@type":"Person","@id":"https:\/\/amiciimuzeuluizalau.ro\/croco\/#\/schema\/person\/6c53bb3e1c6de5ef675f935f5d043280","name":"Decebal","image":{"@type":"ImageObject","inLanguage":"ro-RO","@id":"https:\/\/amiciimuzeuluizalau.ro\/croco\/#\/schema\/person\/image\/","url":"https:\/\/secure.gravatar.com\/avatar\/806973ced08ef762c11b3548d8ca214c9a6110fb3cabafbe85f7ed26ac08678b?s=96&d=identicon&r=g","contentUrl":"https:\/\/secure.gravatar.com\/avatar\/806973ced08ef762c11b3548d8ca214c9a6110fb3cabafbe85f7ed26ac08678b?s=96&d=identicon&r=g","caption":"Decebal"},"url":"http:\/\/amiciimuzeuluizalau.ro\/croco\/author\/croco\/"}]}},"_links":{"self":[{"href":"http:\/\/amiciimuzeuluizalau.ro\/croco\/wp-json\/wp\/v2\/posts\/3597","targetHints":{"allow":["GET"]}}],"collection":[{"href":"http:\/\/amiciimuzeuluizalau.ro\/croco\/wp-json\/wp\/v2\/posts"}],"about":[{"href":"http:\/\/amiciimuzeuluizalau.ro\/croco\/wp-json\/wp\/v2\/types\/post"}],"author":[{"embeddable":true,"href":"http:\/\/amiciimuzeuluizalau.ro\/croco\/wp-json\/wp\/v2\/users\/1"}],"replies":[{"embeddable":true,"href":"http:\/\/amiciimuzeuluizalau.ro\/croco\/wp-json\/wp\/v2\/comments?post=3597"}],"version-history":[{"count":2,"href":"http:\/\/amiciimuzeuluizalau.ro\/croco\/wp-json\/wp\/v2\/posts\/3597\/revisions"}],"predecessor-version":[{"id":3600,"href":"http:\/\/amiciimuzeuluizalau.ro\/croco\/wp-json\/wp\/v2\/posts\/3597\/revisions\/3600"}],"wp:featuredmedia":[{"embeddable":true,"href":"http:\/\/amiciimuzeuluizalau.ro\/croco\/wp-json\/wp\/v2\/media\/3598"}],"wp:attachment":[{"href":"http:\/\/amiciimuzeuluizalau.ro\/croco\/wp-json\/wp\/v2\/media?parent=3597"}],"wp:term":[{"taxonomy":"category","embeddable":true,"href":"http:\/\/amiciimuzeuluizalau.ro\/croco\/wp-json\/wp\/v2\/categories?post=3597"},{"taxonomy":"post_tag","embeddable":true,"href":"http:\/\/amiciimuzeuluizalau.ro\/croco\/wp-json\/wp\/v2\/tags?post=3597"}],"curies":[{"name":"wp","href":"https:\/\/api.w.org\/{rel}","templated":true}]}}