{"id":3516,"date":"2019-11-01T09:40:46","date_gmt":"2019-11-01T07:40:46","guid":{"rendered":"http:\/\/amiciimuzeuluizalau.ro\/croco\/?p=3516"},"modified":"2019-11-01T09:43:14","modified_gmt":"2019-11-01T07:43:14","slug":"remember-porolissvm-2010","status":"publish","type":"post","link":"http:\/\/amiciimuzeuluizalau.ro\/croco\/remember-porolissvm-2010\/","title":{"rendered":"REMEMBER POROLISSVM&#8230; 2010"},"content":{"rendered":"<p>Pentru \u00eent\u00e2ia oar\u0103 la Porolissum s-a desf\u0103\u015furat FESTIVALUL <em>ZILELE DACO-ROMANE<\/em> duminica 1 august 2010. Pentru a fi p\u0103strate continuitatea \u015fi publicul, obi\u015fnuit deja cu demonstra\u0163ii de lupt\u0103 \u015fi punerea \u00een scen\u0103 a momentelor din trecutul nostru, cei de la Muzeul Jude\u0163ean de Istorie \u015fi Art\u0103 au \u00eencercat s\u0103 organizeze un festival. Programul noului festival a cuprins o serie de concursuri precum: cel mai frumos \u015fi cel mai rapid cal, cel mai puternic lupt\u0103tor sau concurs de tras cu arcul. De asemenea, din program au mai f\u0103cut parte demonstra\u0163ii de lupt\u0103, dansuri orientale cu participarea Terrei Dacica Aeterna (Cluj Napoca), Vulturii de la C\u0103lata \u015fi romani, vandali \u015fi daci echipa\u0163i de c\u0103tre arheologii de la Muzeul s\u0103l\u0103jean. \u00cen plus, iubitorii istoriei locale au putut s\u0103 se delecteze cu b\u0103uturi aromatizate dup\u0103 stilul roman, cu por\u0163ii de linte sold\u0103\u0163easc\u0103 g\u0103tite \u201ea la Ostia\u201d sau \u201ea la Apicius\u201d \u015fi, nu \u00een ultimul r\u00e2nd, cu concertul de muzic\u0103 roman\u0103 sus\u0163inut de Paula T\u0103r\u0103u \u015fi Eric de Sena. Iar, ca suvenir, participan\u0163ii la acest festival au putut s\u0103-\u015fi achizi\u0163ioneze podoabe romane, replici dup\u0103 opai\u0163e romane sau tricouri inscrip\u0163ionate cu emblema \u201ePorolissvm\u201d.<\/p>\nngg_shortcode_0_placeholder\n","protected":false},"excerpt":{"rendered":"<p>Pentru &icirc;nt&acirc;ia oar&#259; la Porolissum s-a desf&#259;&#351;urat FESTIVALUL ZILELE DACO-ROMANE [&hellip;]<\/p>\n","protected":false},"author":1,"featured_media":3518,"comment_status":"open","ping_status":"open","sticky":false,"template":"","format":"standard","meta":{"ngg_post_thumbnail":0,"footnotes":""},"categories":[4],"tags":[116,86,117,54,114],"class_list":["post-3516","post","type-post","status-publish","format-standard","has-post-thumbnail","hentry","category-evenimente","tag-daco-romane","tag-festival","tag-moigrad","tag-porolissum","tag-zilele"],"yoast_head":"<!-- This site is optimized with the Yoast SEO plugin v27.0 - https:\/\/yoast.com\/product\/yoast-seo-wordpress\/ -->\n<title>Pentru \u00eent\u00e2ia oar\u0103 la Porolissum s-a desf\u0103\u015furat FESTIVALUL ZILELE<\/title>\n<meta name=\"description\" content=\"Programul noului festival a cuprins o serie de concursuri precum: cel mai frumos \u015fi cel mai rapid cal, cel mai puternic lupt\u0103tor sau concurs de tras\" \/>\n<meta name=\"robots\" content=\"index, follow, max-snippet:-1, max-image-preview:large, max-video-preview:-1\" \/>\n<link rel=\"canonical\" href=\"http:\/\/amiciimuzeuluizalau.ro\/croco\/remember-porolissvm-2010\/\" \/>\n<meta property=\"og:locale\" content=\"ro_RO\" \/>\n<meta property=\"og:type\" content=\"article\" \/>\n<meta property=\"og:title\" content=\"Pentru \u00eent\u00e2ia oar\u0103 la Porolissum s-a desf\u0103\u015furat FESTIVALUL ZILELE\" \/>\n<meta property=\"og:description\" content=\"Programul noului festival a cuprins o serie de concursuri precum: cel mai frumos \u015fi cel mai rapid cal, cel mai puternic lupt\u0103tor sau concurs de tras\" \/>\n<meta property=\"og:url\" content=\"http:\/\/amiciimuzeuluizalau.ro\/croco\/remember-porolissvm-2010\/\" \/>\n<meta property=\"og:site_name\" content=\"ASOCIA\u021aIA AMICII MUZEULUI - ZAL\u0102U\" \/>\n<meta property=\"article:published_time\" content=\"2019-11-01T07:40:46+00:00\" \/>\n<meta property=\"article:modified_time\" content=\"2019-11-01T07:43:14+00:00\" \/>\n<meta property=\"og:image\" content=\"http:\/\/amiciimuzeuluizalau.ro\/croco\/wp-content\/uploads\/2019\/11\/2010-38.jpg\" \/>\n\t<meta property=\"og:image:width\" content=\"1200\" \/>\n\t<meta property=\"og:image:height\" content=\"796\" \/>\n\t<meta property=\"og:image:type\" content=\"image\/jpeg\" \/>\n<meta name=\"author\" content=\"Decebal\" \/>\n<meta name=\"twitter:label1\" content=\"Scris de\" \/>\n\t<meta name=\"twitter:data1\" content=\"Decebal\" \/>\n\t<meta name=\"twitter:label2\" content=\"Timp estimat pentru citire\" \/>\n\t<meta name=\"twitter:data2\" content=\"1 minut\" \/>\n<script type=\"application\/ld+json\" class=\"yoast-schema-graph\">{\"@context\":\"https:\/\/schema.org\",\"@graph\":[{\"@type\":\"Article\",\"@id\":\"http:\/\/amiciimuzeuluizalau.ro\/croco\/remember-porolissvm-2010\/#article\",\"isPartOf\":{\"@id\":\"http:\/\/amiciimuzeuluizalau.ro\/croco\/remember-porolissvm-2010\/\"},\"author\":{\"name\":\"Decebal\",\"@id\":\"https:\/\/amiciimuzeuluizalau.ro\/croco\/#\/schema\/person\/6c53bb3e1c6de5ef675f935f5d043280\"},\"headline\":\"REMEMBER POROLISSVM&#8230; 2010\",\"datePublished\":\"2019-11-01T07:40:46+00:00\",\"dateModified\":\"2019-11-01T07:43:14+00:00\",\"mainEntityOfPage\":{\"@id\":\"http:\/\/amiciimuzeuluizalau.ro\/croco\/remember-porolissvm-2010\/\"},\"wordCount\":229,\"commentCount\":0,\"publisher\":{\"@id\":\"https:\/\/amiciimuzeuluizalau.ro\/croco\/#organization\"},\"image\":{\"@id\":\"http:\/\/amiciimuzeuluizalau.ro\/croco\/remember-porolissvm-2010\/#primaryimage\"},\"thumbnailUrl\":\"http:\/\/amiciimuzeuluizalau.ro\/croco\/wp-content\/uploads\/2019\/11\/2010-38.jpg\",\"keywords\":[\"daco romane\",\"festival\",\"Moigrad\",\"Porolissum\",\"ZILELE\"],\"articleSection\":[\"Evenimente\"],\"inLanguage\":\"ro-RO\",\"potentialAction\":[{\"@type\":\"CommentAction\",\"name\":\"Comment\",\"target\":[\"http:\/\/amiciimuzeuluizalau.ro\/croco\/remember-porolissvm-2010\/#respond\"]}]},{\"@type\":\"WebPage\",\"@id\":\"http:\/\/amiciimuzeuluizalau.ro\/croco\/remember-porolissvm-2010\/\",\"url\":\"http:\/\/amiciimuzeuluizalau.ro\/croco\/remember-porolissvm-2010\/\",\"name\":\"Pentru \u00eent\u00e2ia oar\u0103 la Porolissum s-a desf\u0103\u015furat FESTIVALUL ZILELE\",\"isPartOf\":{\"@id\":\"https:\/\/amiciimuzeuluizalau.ro\/croco\/#website\"},\"primaryImageOfPage\":{\"@id\":\"http:\/\/amiciimuzeuluizalau.ro\/croco\/remember-porolissvm-2010\/#primaryimage\"},\"image\":{\"@id\":\"http:\/\/amiciimuzeuluizalau.ro\/croco\/remember-porolissvm-2010\/#primaryimage\"},\"thumbnailUrl\":\"http:\/\/amiciimuzeuluizalau.ro\/croco\/wp-content\/uploads\/2019\/11\/2010-38.jpg\",\"datePublished\":\"2019-11-01T07:40:46+00:00\",\"dateModified\":\"2019-11-01T07:43:14+00:00\",\"description\":\"Programul noului festival a cuprins o serie de concursuri precum: cel mai frumos \u015fi cel mai rapid cal, cel mai puternic lupt\u0103tor sau concurs de tras\",\"breadcrumb\":{\"@id\":\"http:\/\/amiciimuzeuluizalau.ro\/croco\/remember-porolissvm-2010\/#breadcrumb\"},\"inLanguage\":\"ro-RO\",\"potentialAction\":[{\"@type\":\"ReadAction\",\"target\":[\"http:\/\/amiciimuzeuluizalau.ro\/croco\/remember-porolissvm-2010\/\"]}]},{\"@type\":\"ImageObject\",\"inLanguage\":\"ro-RO\",\"@id\":\"http:\/\/amiciimuzeuluizalau.ro\/croco\/remember-porolissvm-2010\/#primaryimage\",\"url\":\"http:\/\/amiciimuzeuluizalau.ro\/croco\/wp-content\/uploads\/2019\/11\/2010-38.jpg\",\"contentUrl\":\"http:\/\/amiciimuzeuluizalau.ro\/croco\/wp-content\/uploads\/2019\/11\/2010-38.jpg\",\"width\":1200,\"height\":796},{\"@type\":\"BreadcrumbList\",\"@id\":\"http:\/\/amiciimuzeuluizalau.ro\/croco\/remember-porolissvm-2010\/#breadcrumb\",\"itemListElement\":[{\"@type\":\"ListItem\",\"position\":1,\"name\":\"Home\",\"item\":\"https:\/\/amiciimuzeuluizalau.ro\/croco\/\"},{\"@type\":\"ListItem\",\"position\":2,\"name\":\"REMEMBER POROLISSVM&#8230; 2010\"}]},{\"@type\":\"WebSite\",\"@id\":\"https:\/\/amiciimuzeuluizalau.ro\/croco\/#website\",\"url\":\"https:\/\/amiciimuzeuluizalau.ro\/croco\/\",\"name\":\"ASOCIA\u021aIA AMICII MUZEULUI - ZAL\u0102U\",\"description\":\"EDUCA\u021aIE PRIN ISTORIE\",\"publisher\":{\"@id\":\"https:\/\/amiciimuzeuluizalau.ro\/croco\/#organization\"},\"potentialAction\":[{\"@type\":\"SearchAction\",\"target\":{\"@type\":\"EntryPoint\",\"urlTemplate\":\"https:\/\/amiciimuzeuluizalau.ro\/croco\/?s={search_term_string}\"},\"query-input\":{\"@type\":\"PropertyValueSpecification\",\"valueRequired\":true,\"valueName\":\"search_term_string\"}}],\"inLanguage\":\"ro-RO\"},{\"@type\":\"Organization\",\"@id\":\"https:\/\/amiciimuzeuluizalau.ro\/croco\/#organization\",\"name\":\"Asocia\u021bia Amicii Muzeului Zal\u0103u\",\"url\":\"https:\/\/amiciimuzeuluizalau.ro\/croco\/\",\"logo\":{\"@type\":\"ImageObject\",\"inLanguage\":\"ro-RO\",\"@id\":\"https:\/\/amiciimuzeuluizalau.ro\/croco\/#\/schema\/logo\/image\/\",\"url\":\"http:\/\/amiciimuzeuluizalau.ro\/croco\/wp-content\/uploads\/2014\/11\/sigla_final-011.jpg\",\"contentUrl\":\"http:\/\/amiciimuzeuluizalau.ro\/croco\/wp-content\/uploads\/2014\/11\/sigla_final-011.jpg\",\"width\":3508,\"height\":2480,\"caption\":\"Asocia\u021bia Amicii Muzeului Zal\u0103u\"},\"image\":{\"@id\":\"https:\/\/amiciimuzeuluizalau.ro\/croco\/#\/schema\/logo\/image\/\"}},{\"@type\":\"Person\",\"@id\":\"https:\/\/amiciimuzeuluizalau.ro\/croco\/#\/schema\/person\/6c53bb3e1c6de5ef675f935f5d043280\",\"name\":\"Decebal\",\"image\":{\"@type\":\"ImageObject\",\"inLanguage\":\"ro-RO\",\"@id\":\"https:\/\/amiciimuzeuluizalau.ro\/croco\/#\/schema\/person\/image\/\",\"url\":\"https:\/\/secure.gravatar.com\/avatar\/806973ced08ef762c11b3548d8ca214c9a6110fb3cabafbe85f7ed26ac08678b?s=96&d=identicon&r=g\",\"contentUrl\":\"https:\/\/secure.gravatar.com\/avatar\/806973ced08ef762c11b3548d8ca214c9a6110fb3cabafbe85f7ed26ac08678b?s=96&d=identicon&r=g\",\"caption\":\"Decebal\"},\"url\":\"http:\/\/amiciimuzeuluizalau.ro\/croco\/author\/croco\/\"}]}<\/script>\n<!-- \/ Yoast SEO plugin. -->","yoast_head_json":{"title":"Pentru \u00eent\u00e2ia oar\u0103 la Porolissum s-a desf\u0103\u015furat FESTIVALUL ZILELE","description":"Programul noului festival a cuprins o serie de concursuri precum: cel mai frumos \u015fi cel mai rapid cal, cel mai puternic lupt\u0103tor sau concurs de tras","robots":{"index":"index","follow":"follow","max-snippet":"max-snippet:-1","max-image-preview":"max-image-preview:large","max-video-preview":"max-video-preview:-1"},"canonical":"http:\/\/amiciimuzeuluizalau.ro\/croco\/remember-porolissvm-2010\/","og_locale":"ro_RO","og_type":"article","og_title":"Pentru \u00eent\u00e2ia oar\u0103 la Porolissum s-a desf\u0103\u015furat FESTIVALUL ZILELE","og_description":"Programul noului festival a cuprins o serie de concursuri precum: cel mai frumos \u015fi cel mai rapid cal, cel mai puternic lupt\u0103tor sau concurs de tras","og_url":"http:\/\/amiciimuzeuluizalau.ro\/croco\/remember-porolissvm-2010\/","og_site_name":"ASOCIA\u021aIA AMICII MUZEULUI - ZAL\u0102U","article_published_time":"2019-11-01T07:40:46+00:00","article_modified_time":"2019-11-01T07:43:14+00:00","og_image":[{"width":1200,"height":796,"url":"http:\/\/amiciimuzeuluizalau.ro\/croco\/wp-content\/uploads\/2019\/11\/2010-38.jpg","type":"image\/jpeg"}],"author":"Decebal","twitter_misc":{"Scris de":"Decebal","Timp estimat pentru citire":"1 minut"},"schema":{"@context":"https:\/\/schema.org","@graph":[{"@type":"Article","@id":"http:\/\/amiciimuzeuluizalau.ro\/croco\/remember-porolissvm-2010\/#article","isPartOf":{"@id":"http:\/\/amiciimuzeuluizalau.ro\/croco\/remember-porolissvm-2010\/"},"author":{"name":"Decebal","@id":"https:\/\/amiciimuzeuluizalau.ro\/croco\/#\/schema\/person\/6c53bb3e1c6de5ef675f935f5d043280"},"headline":"REMEMBER POROLISSVM&#8230; 2010","datePublished":"2019-11-01T07:40:46+00:00","dateModified":"2019-11-01T07:43:14+00:00","mainEntityOfPage":{"@id":"http:\/\/amiciimuzeuluizalau.ro\/croco\/remember-porolissvm-2010\/"},"wordCount":229,"commentCount":0,"publisher":{"@id":"https:\/\/amiciimuzeuluizalau.ro\/croco\/#organization"},"image":{"@id":"http:\/\/amiciimuzeuluizalau.ro\/croco\/remember-porolissvm-2010\/#primaryimage"},"thumbnailUrl":"http:\/\/amiciimuzeuluizalau.ro\/croco\/wp-content\/uploads\/2019\/11\/2010-38.jpg","keywords":["daco romane","festival","Moigrad","Porolissum","ZILELE"],"articleSection":["Evenimente"],"inLanguage":"ro-RO","potentialAction":[{"@type":"CommentAction","name":"Comment","target":["http:\/\/amiciimuzeuluizalau.ro\/croco\/remember-porolissvm-2010\/#respond"]}]},{"@type":"WebPage","@id":"http:\/\/amiciimuzeuluizalau.ro\/croco\/remember-porolissvm-2010\/","url":"http:\/\/amiciimuzeuluizalau.ro\/croco\/remember-porolissvm-2010\/","name":"Pentru \u00eent\u00e2ia oar\u0103 la Porolissum s-a desf\u0103\u015furat FESTIVALUL ZILELE","isPartOf":{"@id":"https:\/\/amiciimuzeuluizalau.ro\/croco\/#website"},"primaryImageOfPage":{"@id":"http:\/\/amiciimuzeuluizalau.ro\/croco\/remember-porolissvm-2010\/#primaryimage"},"image":{"@id":"http:\/\/amiciimuzeuluizalau.ro\/croco\/remember-porolissvm-2010\/#primaryimage"},"thumbnailUrl":"http:\/\/amiciimuzeuluizalau.ro\/croco\/wp-content\/uploads\/2019\/11\/2010-38.jpg","datePublished":"2019-11-01T07:40:46+00:00","dateModified":"2019-11-01T07:43:14+00:00","description":"Programul noului festival a cuprins o serie de concursuri precum: cel mai frumos \u015fi cel mai rapid cal, cel mai puternic lupt\u0103tor sau concurs de tras","breadcrumb":{"@id":"http:\/\/amiciimuzeuluizalau.ro\/croco\/remember-porolissvm-2010\/#breadcrumb"},"inLanguage":"ro-RO","potentialAction":[{"@type":"ReadAction","target":["http:\/\/amiciimuzeuluizalau.ro\/croco\/remember-porolissvm-2010\/"]}]},{"@type":"ImageObject","inLanguage":"ro-RO","@id":"http:\/\/amiciimuzeuluizalau.ro\/croco\/remember-porolissvm-2010\/#primaryimage","url":"http:\/\/amiciimuzeuluizalau.ro\/croco\/wp-content\/uploads\/2019\/11\/2010-38.jpg","contentUrl":"http:\/\/amiciimuzeuluizalau.ro\/croco\/wp-content\/uploads\/2019\/11\/2010-38.jpg","width":1200,"height":796},{"@type":"BreadcrumbList","@id":"http:\/\/amiciimuzeuluizalau.ro\/croco\/remember-porolissvm-2010\/#breadcrumb","itemListElement":[{"@type":"ListItem","position":1,"name":"Home","item":"https:\/\/amiciimuzeuluizalau.ro\/croco\/"},{"@type":"ListItem","position":2,"name":"REMEMBER POROLISSVM&#8230; 2010"}]},{"@type":"WebSite","@id":"https:\/\/amiciimuzeuluizalau.ro\/croco\/#website","url":"https:\/\/amiciimuzeuluizalau.ro\/croco\/","name":"ASOCIA\u021aIA AMICII MUZEULUI - ZAL\u0102U","description":"EDUCA\u021aIE PRIN ISTORIE","publisher":{"@id":"https:\/\/amiciimuzeuluizalau.ro\/croco\/#organization"},"potentialAction":[{"@type":"SearchAction","target":{"@type":"EntryPoint","urlTemplate":"https:\/\/amiciimuzeuluizalau.ro\/croco\/?s={search_term_string}"},"query-input":{"@type":"PropertyValueSpecification","valueRequired":true,"valueName":"search_term_string"}}],"inLanguage":"ro-RO"},{"@type":"Organization","@id":"https:\/\/amiciimuzeuluizalau.ro\/croco\/#organization","name":"Asocia\u021bia Amicii Muzeului Zal\u0103u","url":"https:\/\/amiciimuzeuluizalau.ro\/croco\/","logo":{"@type":"ImageObject","inLanguage":"ro-RO","@id":"https:\/\/amiciimuzeuluizalau.ro\/croco\/#\/schema\/logo\/image\/","url":"http:\/\/amiciimuzeuluizalau.ro\/croco\/wp-content\/uploads\/2014\/11\/sigla_final-011.jpg","contentUrl":"http:\/\/amiciimuzeuluizalau.ro\/croco\/wp-content\/uploads\/2014\/11\/sigla_final-011.jpg","width":3508,"height":2480,"caption":"Asocia\u021bia Amicii Muzeului Zal\u0103u"},"image":{"@id":"https:\/\/amiciimuzeuluizalau.ro\/croco\/#\/schema\/logo\/image\/"}},{"@type":"Person","@id":"https:\/\/amiciimuzeuluizalau.ro\/croco\/#\/schema\/person\/6c53bb3e1c6de5ef675f935f5d043280","name":"Decebal","image":{"@type":"ImageObject","inLanguage":"ro-RO","@id":"https:\/\/amiciimuzeuluizalau.ro\/croco\/#\/schema\/person\/image\/","url":"https:\/\/secure.gravatar.com\/avatar\/806973ced08ef762c11b3548d8ca214c9a6110fb3cabafbe85f7ed26ac08678b?s=96&d=identicon&r=g","contentUrl":"https:\/\/secure.gravatar.com\/avatar\/806973ced08ef762c11b3548d8ca214c9a6110fb3cabafbe85f7ed26ac08678b?s=96&d=identicon&r=g","caption":"Decebal"},"url":"http:\/\/amiciimuzeuluizalau.ro\/croco\/author\/croco\/"}]}},"_links":{"self":[{"href":"http:\/\/amiciimuzeuluizalau.ro\/croco\/wp-json\/wp\/v2\/posts\/3516","targetHints":{"allow":["GET"]}}],"collection":[{"href":"http:\/\/amiciimuzeuluizalau.ro\/croco\/wp-json\/wp\/v2\/posts"}],"about":[{"href":"http:\/\/amiciimuzeuluizalau.ro\/croco\/wp-json\/wp\/v2\/types\/post"}],"author":[{"embeddable":true,"href":"http:\/\/amiciimuzeuluizalau.ro\/croco\/wp-json\/wp\/v2\/users\/1"}],"replies":[{"embeddable":true,"href":"http:\/\/amiciimuzeuluizalau.ro\/croco\/wp-json\/wp\/v2\/comments?post=3516"}],"version-history":[{"count":5,"href":"http:\/\/amiciimuzeuluizalau.ro\/croco\/wp-json\/wp\/v2\/posts\/3516\/revisions"}],"predecessor-version":[{"id":3541,"href":"http:\/\/amiciimuzeuluizalau.ro\/croco\/wp-json\/wp\/v2\/posts\/3516\/revisions\/3541"}],"wp:featuredmedia":[{"embeddable":true,"href":"http:\/\/amiciimuzeuluizalau.ro\/croco\/wp-json\/wp\/v2\/media\/3518"}],"wp:attachment":[{"href":"http:\/\/amiciimuzeuluizalau.ro\/croco\/wp-json\/wp\/v2\/media?parent=3516"}],"wp:term":[{"taxonomy":"category","embeddable":true,"href":"http:\/\/amiciimuzeuluizalau.ro\/croco\/wp-json\/wp\/v2\/categories?post=3516"},{"taxonomy":"post_tag","embeddable":true,"href":"http:\/\/amiciimuzeuluizalau.ro\/croco\/wp-json\/wp\/v2\/tags?post=3516"}],"curies":[{"name":"wp","href":"https:\/\/api.w.org\/{rel}","templated":true}]}}