{"id":3361,"date":"2019-08-18T11:33:16","date_gmt":"2019-08-18T08:33:16","guid":{"rendered":"http:\/\/amiciimuzeuluizalau.ro\/croco\/?p=3361"},"modified":"2019-08-18T11:33:16","modified_gmt":"2019-08-18T08:33:16","slug":"festivalul-celtic","status":"publish","type":"post","link":"http:\/\/amiciimuzeuluizalau.ro\/croco\/festivalul-celtic\/","title":{"rendered":"AM FOST ACOLO ( II): FESTIVALUL CELTIC TRANSILVANIA"},"content":{"rendered":"<p><strong>Editia 6 (Baile Figa\/Beclean 19 \u2013 21 iulie 2019)<\/strong><\/p>\n<p>La acest festival, Asocia\u021bia Amicii Muzeului a participat cu grupurile de reconstituire istoric\u0103 VEX LEG VII GEMINA FPF, LUPII DACIEI \u0219i MAGNA SARMATIA.<\/p>\n<p>Un SAT CELTIC de neuitat!<\/p>\n<p>Felicit\u0103ri tuturor celor implica\u021bi \u00een organizare! Mul\u021bumiri pentru invita\u021bie!<\/p>\n<p>De asemenea, adres\u0103m mul\u021bumiri tuturor trupelor de reconstituire istoric\u0103 participante, pentru excelenta cooperare\/colaborare: Castrum Novis (Rom\u00e2nia), Geto-Dacii din Moldova (Rom\u00e2nia), Omnis Barbaria (Rom\u00e2nia), Terra Dacica Aeterna (Rom\u00e2nia), Pro Antica (Polonia), Terra Celtica (Polonia).<\/p>\n<p>Ne revedem la anul, din nou \u00een SATUL CELTIC!<\/p>\nngg_shortcode_0_placeholder\n","protected":false},"excerpt":{"rendered":"<p>Editia 6 (Baile Figa\/Beclean 19 &ndash; 21 iulie 2019) La [&hellip;]<\/p>\n","protected":false},"author":1,"featured_media":3362,"comment_status":"open","ping_status":"open","sticky":false,"template":"","format":"standard","meta":{"ngg_post_thumbnail":0,"footnotes":""},"categories":[4,41],"tags":[88,87,86,89],"class_list":["post-3361","post","type-post","status-publish","format-standard","has-post-thumbnail","hentry","category-evenimente","category-mass-media","tag-beclean","tag-celtic","tag-festival","tag-figa"],"yoast_head":"<!-- This site is optimized with the Yoast SEO plugin v27.0 - https:\/\/yoast.com\/product\/yoast-seo-wordpress\/ -->\n<title>AM FOST ACOLO ( II): FESTIVALUL CELTIC TRANSILVANIA<\/title>\n<meta name=\"description\" content=\"La acest festival, Asocia\u021bia Amicii Muzeului a participat cu grupurile de reconstituire istoric\u0103 VEX LEG VII GEMINA FPF, LUPII DACIEI \u0219i MAGNA SARMATIA.\" \/>\n<meta name=\"robots\" content=\"index, follow, max-snippet:-1, max-image-preview:large, max-video-preview:-1\" \/>\n<link rel=\"canonical\" href=\"https:\/\/amiciimuzeuluizalau.ro\/croco\/festivalul-celtic\/\" \/>\n<meta property=\"og:locale\" content=\"ro_RO\" \/>\n<meta property=\"og:type\" content=\"article\" \/>\n<meta property=\"og:title\" content=\"AM FOST ACOLO ( II): FESTIVALUL CELTIC TRANSILVANIA\" \/>\n<meta property=\"og:description\" content=\"La acest festival, Asocia\u021bia Amicii Muzeului a participat cu grupurile de reconstituire istoric\u0103 VEX LEG VII GEMINA FPF, LUPII DACIEI \u0219i MAGNA SARMATIA.\" \/>\n<meta property=\"og:url\" content=\"https:\/\/amiciimuzeuluizalau.ro\/croco\/festivalul-celtic\/\" \/>\n<meta property=\"og:site_name\" content=\"ASOCIA\u021aIA AMICII MUZEULUI - ZAL\u0102U\" \/>\n<meta property=\"article:published_time\" content=\"2019-08-18T08:33:16+00:00\" \/>\n<meta property=\"og:image\" content=\"https:\/\/amiciimuzeuluizalau.ro\/croco\/wp-content\/uploads\/2019\/08\/DSC06950.jpg\" \/>\n\t<meta property=\"og:image:width\" content=\"1200\" \/>\n\t<meta property=\"og:image:height\" content=\"798\" \/>\n\t<meta property=\"og:image:type\" content=\"image\/jpeg\" \/>\n<meta name=\"author\" content=\"Decebal\" \/>\n<meta name=\"twitter:label1\" content=\"Scris de\" \/>\n\t<meta name=\"twitter:data1\" content=\"Decebal\" \/>\n\t<meta name=\"twitter:label2\" content=\"Timp estimat pentru citire\" \/>\n\t<meta name=\"twitter:data2\" content=\"1 minut\" \/>\n<script type=\"application\/ld+json\" class=\"yoast-schema-graph\">{\"@context\":\"https:\/\/schema.org\",\"@graph\":[{\"@type\":\"Article\",\"@id\":\"https:\/\/amiciimuzeuluizalau.ro\/croco\/festivalul-celtic\/#article\",\"isPartOf\":{\"@id\":\"https:\/\/amiciimuzeuluizalau.ro\/croco\/festivalul-celtic\/\"},\"author\":{\"name\":\"Decebal\",\"@id\":\"https:\/\/amiciimuzeuluizalau.ro\/croco\/#\/schema\/person\/6c53bb3e1c6de5ef675f935f5d043280\"},\"headline\":\"AM FOST ACOLO ( II): FESTIVALUL CELTIC TRANSILVANIA\",\"datePublished\":\"2019-08-18T08:33:16+00:00\",\"mainEntityOfPage\":{\"@id\":\"https:\/\/amiciimuzeuluizalau.ro\/croco\/festivalul-celtic\/\"},\"wordCount\":113,\"commentCount\":0,\"publisher\":{\"@id\":\"https:\/\/amiciimuzeuluizalau.ro\/croco\/#organization\"},\"image\":{\"@id\":\"https:\/\/amiciimuzeuluizalau.ro\/croco\/festivalul-celtic\/#primaryimage\"},\"thumbnailUrl\":\"http:\/\/amiciimuzeuluizalau.ro\/croco\/wp-content\/uploads\/2019\/08\/DSC06950.jpg\",\"keywords\":[\"Beclean\",\"celtic\",\"festival\",\"Figa\"],\"articleSection\":[\"Evenimente\",\"Mass media\"],\"inLanguage\":\"ro-RO\",\"potentialAction\":[{\"@type\":\"CommentAction\",\"name\":\"Comment\",\"target\":[\"https:\/\/amiciimuzeuluizalau.ro\/croco\/festivalul-celtic\/#respond\"]}]},{\"@type\":\"WebPage\",\"@id\":\"https:\/\/amiciimuzeuluizalau.ro\/croco\/festivalul-celtic\/\",\"url\":\"https:\/\/amiciimuzeuluizalau.ro\/croco\/festivalul-celtic\/\",\"name\":\"AM FOST ACOLO ( II): FESTIVALUL CELTIC TRANSILVANIA\",\"isPartOf\":{\"@id\":\"https:\/\/amiciimuzeuluizalau.ro\/croco\/#website\"},\"primaryImageOfPage\":{\"@id\":\"https:\/\/amiciimuzeuluizalau.ro\/croco\/festivalul-celtic\/#primaryimage\"},\"image\":{\"@id\":\"https:\/\/amiciimuzeuluizalau.ro\/croco\/festivalul-celtic\/#primaryimage\"},\"thumbnailUrl\":\"http:\/\/amiciimuzeuluizalau.ro\/croco\/wp-content\/uploads\/2019\/08\/DSC06950.jpg\",\"datePublished\":\"2019-08-18T08:33:16+00:00\",\"description\":\"La acest festival, Asocia\u021bia Amicii Muzeului a participat cu grupurile de reconstituire istoric\u0103 VEX LEG VII GEMINA FPF, LUPII DACIEI \u0219i MAGNA SARMATIA.\",\"breadcrumb\":{\"@id\":\"https:\/\/amiciimuzeuluizalau.ro\/croco\/festivalul-celtic\/#breadcrumb\"},\"inLanguage\":\"ro-RO\",\"potentialAction\":[{\"@type\":\"ReadAction\",\"target\":[\"https:\/\/amiciimuzeuluizalau.ro\/croco\/festivalul-celtic\/\"]}]},{\"@type\":\"ImageObject\",\"inLanguage\":\"ro-RO\",\"@id\":\"https:\/\/amiciimuzeuluizalau.ro\/croco\/festivalul-celtic\/#primaryimage\",\"url\":\"http:\/\/amiciimuzeuluizalau.ro\/croco\/wp-content\/uploads\/2019\/08\/DSC06950.jpg\",\"contentUrl\":\"http:\/\/amiciimuzeuluizalau.ro\/croco\/wp-content\/uploads\/2019\/08\/DSC06950.jpg\",\"width\":1200,\"height\":798,\"caption\":\"SONY DSC\"},{\"@type\":\"BreadcrumbList\",\"@id\":\"https:\/\/amiciimuzeuluizalau.ro\/croco\/festivalul-celtic\/#breadcrumb\",\"itemListElement\":[{\"@type\":\"ListItem\",\"position\":1,\"name\":\"Home\",\"item\":\"https:\/\/amiciimuzeuluizalau.ro\/croco\/\"},{\"@type\":\"ListItem\",\"position\":2,\"name\":\"AM FOST ACOLO ( II): FESTIVALUL CELTIC TRANSILVANIA\"}]},{\"@type\":\"WebSite\",\"@id\":\"https:\/\/amiciimuzeuluizalau.ro\/croco\/#website\",\"url\":\"https:\/\/amiciimuzeuluizalau.ro\/croco\/\",\"name\":\"ASOCIA\u021aIA AMICII MUZEULUI - ZAL\u0102U\",\"description\":\"EDUCA\u021aIE PRIN ISTORIE\",\"publisher\":{\"@id\":\"https:\/\/amiciimuzeuluizalau.ro\/croco\/#organization\"},\"potentialAction\":[{\"@type\":\"SearchAction\",\"target\":{\"@type\":\"EntryPoint\",\"urlTemplate\":\"https:\/\/amiciimuzeuluizalau.ro\/croco\/?s={search_term_string}\"},\"query-input\":{\"@type\":\"PropertyValueSpecification\",\"valueRequired\":true,\"valueName\":\"search_term_string\"}}],\"inLanguage\":\"ro-RO\"},{\"@type\":\"Organization\",\"@id\":\"https:\/\/amiciimuzeuluizalau.ro\/croco\/#organization\",\"name\":\"Asocia\u021bia Amicii Muzeului Zal\u0103u\",\"url\":\"https:\/\/amiciimuzeuluizalau.ro\/croco\/\",\"logo\":{\"@type\":\"ImageObject\",\"inLanguage\":\"ro-RO\",\"@id\":\"https:\/\/amiciimuzeuluizalau.ro\/croco\/#\/schema\/logo\/image\/\",\"url\":\"http:\/\/amiciimuzeuluizalau.ro\/croco\/wp-content\/uploads\/2014\/11\/sigla_final-011.jpg\",\"contentUrl\":\"http:\/\/amiciimuzeuluizalau.ro\/croco\/wp-content\/uploads\/2014\/11\/sigla_final-011.jpg\",\"width\":3508,\"height\":2480,\"caption\":\"Asocia\u021bia Amicii Muzeului Zal\u0103u\"},\"image\":{\"@id\":\"https:\/\/amiciimuzeuluizalau.ro\/croco\/#\/schema\/logo\/image\/\"}},{\"@type\":\"Person\",\"@id\":\"https:\/\/amiciimuzeuluizalau.ro\/croco\/#\/schema\/person\/6c53bb3e1c6de5ef675f935f5d043280\",\"name\":\"Decebal\",\"image\":{\"@type\":\"ImageObject\",\"inLanguage\":\"ro-RO\",\"@id\":\"https:\/\/amiciimuzeuluizalau.ro\/croco\/#\/schema\/person\/image\/\",\"url\":\"https:\/\/secure.gravatar.com\/avatar\/806973ced08ef762c11b3548d8ca214c9a6110fb3cabafbe85f7ed26ac08678b?s=96&d=identicon&r=g\",\"contentUrl\":\"https:\/\/secure.gravatar.com\/avatar\/806973ced08ef762c11b3548d8ca214c9a6110fb3cabafbe85f7ed26ac08678b?s=96&d=identicon&r=g\",\"caption\":\"Decebal\"},\"url\":\"http:\/\/amiciimuzeuluizalau.ro\/croco\/author\/croco\/\"}]}<\/script>\n<!-- \/ Yoast SEO plugin. -->","yoast_head_json":{"title":"AM FOST ACOLO ( II): FESTIVALUL CELTIC TRANSILVANIA","description":"La acest festival, Asocia\u021bia Amicii Muzeului a participat cu grupurile de reconstituire istoric\u0103 VEX LEG VII GEMINA FPF, LUPII DACIEI \u0219i MAGNA SARMATIA.","robots":{"index":"index","follow":"follow","max-snippet":"max-snippet:-1","max-image-preview":"max-image-preview:large","max-video-preview":"max-video-preview:-1"},"canonical":"https:\/\/amiciimuzeuluizalau.ro\/croco\/festivalul-celtic\/","og_locale":"ro_RO","og_type":"article","og_title":"AM FOST ACOLO ( II): FESTIVALUL CELTIC TRANSILVANIA","og_description":"La acest festival, Asocia\u021bia Amicii Muzeului a participat cu grupurile de reconstituire istoric\u0103 VEX LEG VII GEMINA FPF, LUPII DACIEI \u0219i MAGNA SARMATIA.","og_url":"https:\/\/amiciimuzeuluizalau.ro\/croco\/festivalul-celtic\/","og_site_name":"ASOCIA\u021aIA AMICII MUZEULUI - ZAL\u0102U","article_published_time":"2019-08-18T08:33:16+00:00","og_image":[{"width":1200,"height":798,"url":"https:\/\/amiciimuzeuluizalau.ro\/croco\/wp-content\/uploads\/2019\/08\/DSC06950.jpg","type":"image\/jpeg"}],"author":"Decebal","twitter_misc":{"Scris de":"Decebal","Timp estimat pentru citire":"1 minut"},"schema":{"@context":"https:\/\/schema.org","@graph":[{"@type":"Article","@id":"https:\/\/amiciimuzeuluizalau.ro\/croco\/festivalul-celtic\/#article","isPartOf":{"@id":"https:\/\/amiciimuzeuluizalau.ro\/croco\/festivalul-celtic\/"},"author":{"name":"Decebal","@id":"https:\/\/amiciimuzeuluizalau.ro\/croco\/#\/schema\/person\/6c53bb3e1c6de5ef675f935f5d043280"},"headline":"AM FOST ACOLO ( II): FESTIVALUL CELTIC TRANSILVANIA","datePublished":"2019-08-18T08:33:16+00:00","mainEntityOfPage":{"@id":"https:\/\/amiciimuzeuluizalau.ro\/croco\/festivalul-celtic\/"},"wordCount":113,"commentCount":0,"publisher":{"@id":"https:\/\/amiciimuzeuluizalau.ro\/croco\/#organization"},"image":{"@id":"https:\/\/amiciimuzeuluizalau.ro\/croco\/festivalul-celtic\/#primaryimage"},"thumbnailUrl":"http:\/\/amiciimuzeuluizalau.ro\/croco\/wp-content\/uploads\/2019\/08\/DSC06950.jpg","keywords":["Beclean","celtic","festival","Figa"],"articleSection":["Evenimente","Mass media"],"inLanguage":"ro-RO","potentialAction":[{"@type":"CommentAction","name":"Comment","target":["https:\/\/amiciimuzeuluizalau.ro\/croco\/festivalul-celtic\/#respond"]}]},{"@type":"WebPage","@id":"https:\/\/amiciimuzeuluizalau.ro\/croco\/festivalul-celtic\/","url":"https:\/\/amiciimuzeuluizalau.ro\/croco\/festivalul-celtic\/","name":"AM FOST ACOLO ( II): FESTIVALUL CELTIC TRANSILVANIA","isPartOf":{"@id":"https:\/\/amiciimuzeuluizalau.ro\/croco\/#website"},"primaryImageOfPage":{"@id":"https:\/\/amiciimuzeuluizalau.ro\/croco\/festivalul-celtic\/#primaryimage"},"image":{"@id":"https:\/\/amiciimuzeuluizalau.ro\/croco\/festivalul-celtic\/#primaryimage"},"thumbnailUrl":"http:\/\/amiciimuzeuluizalau.ro\/croco\/wp-content\/uploads\/2019\/08\/DSC06950.jpg","datePublished":"2019-08-18T08:33:16+00:00","description":"La acest festival, Asocia\u021bia Amicii Muzeului a participat cu grupurile de reconstituire istoric\u0103 VEX LEG VII GEMINA FPF, LUPII DACIEI \u0219i MAGNA SARMATIA.","breadcrumb":{"@id":"https:\/\/amiciimuzeuluizalau.ro\/croco\/festivalul-celtic\/#breadcrumb"},"inLanguage":"ro-RO","potentialAction":[{"@type":"ReadAction","target":["https:\/\/amiciimuzeuluizalau.ro\/croco\/festivalul-celtic\/"]}]},{"@type":"ImageObject","inLanguage":"ro-RO","@id":"https:\/\/amiciimuzeuluizalau.ro\/croco\/festivalul-celtic\/#primaryimage","url":"http:\/\/amiciimuzeuluizalau.ro\/croco\/wp-content\/uploads\/2019\/08\/DSC06950.jpg","contentUrl":"http:\/\/amiciimuzeuluizalau.ro\/croco\/wp-content\/uploads\/2019\/08\/DSC06950.jpg","width":1200,"height":798,"caption":"SONY DSC"},{"@type":"BreadcrumbList","@id":"https:\/\/amiciimuzeuluizalau.ro\/croco\/festivalul-celtic\/#breadcrumb","itemListElement":[{"@type":"ListItem","position":1,"name":"Home","item":"https:\/\/amiciimuzeuluizalau.ro\/croco\/"},{"@type":"ListItem","position":2,"name":"AM FOST ACOLO ( II): FESTIVALUL CELTIC TRANSILVANIA"}]},{"@type":"WebSite","@id":"https:\/\/amiciimuzeuluizalau.ro\/croco\/#website","url":"https:\/\/amiciimuzeuluizalau.ro\/croco\/","name":"ASOCIA\u021aIA AMICII MUZEULUI - ZAL\u0102U","description":"EDUCA\u021aIE PRIN ISTORIE","publisher":{"@id":"https:\/\/amiciimuzeuluizalau.ro\/croco\/#organization"},"potentialAction":[{"@type":"SearchAction","target":{"@type":"EntryPoint","urlTemplate":"https:\/\/amiciimuzeuluizalau.ro\/croco\/?s={search_term_string}"},"query-input":{"@type":"PropertyValueSpecification","valueRequired":true,"valueName":"search_term_string"}}],"inLanguage":"ro-RO"},{"@type":"Organization","@id":"https:\/\/amiciimuzeuluizalau.ro\/croco\/#organization","name":"Asocia\u021bia Amicii Muzeului Zal\u0103u","url":"https:\/\/amiciimuzeuluizalau.ro\/croco\/","logo":{"@type":"ImageObject","inLanguage":"ro-RO","@id":"https:\/\/amiciimuzeuluizalau.ro\/croco\/#\/schema\/logo\/image\/","url":"http:\/\/amiciimuzeuluizalau.ro\/croco\/wp-content\/uploads\/2014\/11\/sigla_final-011.jpg","contentUrl":"http:\/\/amiciimuzeuluizalau.ro\/croco\/wp-content\/uploads\/2014\/11\/sigla_final-011.jpg","width":3508,"height":2480,"caption":"Asocia\u021bia Amicii Muzeului Zal\u0103u"},"image":{"@id":"https:\/\/amiciimuzeuluizalau.ro\/croco\/#\/schema\/logo\/image\/"}},{"@type":"Person","@id":"https:\/\/amiciimuzeuluizalau.ro\/croco\/#\/schema\/person\/6c53bb3e1c6de5ef675f935f5d043280","name":"Decebal","image":{"@type":"ImageObject","inLanguage":"ro-RO","@id":"https:\/\/amiciimuzeuluizalau.ro\/croco\/#\/schema\/person\/image\/","url":"https:\/\/secure.gravatar.com\/avatar\/806973ced08ef762c11b3548d8ca214c9a6110fb3cabafbe85f7ed26ac08678b?s=96&d=identicon&r=g","contentUrl":"https:\/\/secure.gravatar.com\/avatar\/806973ced08ef762c11b3548d8ca214c9a6110fb3cabafbe85f7ed26ac08678b?s=96&d=identicon&r=g","caption":"Decebal"},"url":"http:\/\/amiciimuzeuluizalau.ro\/croco\/author\/croco\/"}]}},"_links":{"self":[{"href":"http:\/\/amiciimuzeuluizalau.ro\/croco\/wp-json\/wp\/v2\/posts\/3361","targetHints":{"allow":["GET"]}}],"collection":[{"href":"http:\/\/amiciimuzeuluizalau.ro\/croco\/wp-json\/wp\/v2\/posts"}],"about":[{"href":"http:\/\/amiciimuzeuluizalau.ro\/croco\/wp-json\/wp\/v2\/types\/post"}],"author":[{"embeddable":true,"href":"http:\/\/amiciimuzeuluizalau.ro\/croco\/wp-json\/wp\/v2\/users\/1"}],"replies":[{"embeddable":true,"href":"http:\/\/amiciimuzeuluizalau.ro\/croco\/wp-json\/wp\/v2\/comments?post=3361"}],"version-history":[{"count":2,"href":"http:\/\/amiciimuzeuluizalau.ro\/croco\/wp-json\/wp\/v2\/posts\/3361\/revisions"}],"predecessor-version":[{"id":3371,"href":"http:\/\/amiciimuzeuluizalau.ro\/croco\/wp-json\/wp\/v2\/posts\/3361\/revisions\/3371"}],"wp:featuredmedia":[{"embeddable":true,"href":"http:\/\/amiciimuzeuluizalau.ro\/croco\/wp-json\/wp\/v2\/media\/3362"}],"wp:attachment":[{"href":"http:\/\/amiciimuzeuluizalau.ro\/croco\/wp-json\/wp\/v2\/media?parent=3361"}],"wp:term":[{"taxonomy":"category","embeddable":true,"href":"http:\/\/amiciimuzeuluizalau.ro\/croco\/wp-json\/wp\/v2\/categories?post=3361"},{"taxonomy":"post_tag","embeddable":true,"href":"http:\/\/amiciimuzeuluizalau.ro\/croco\/wp-json\/wp\/v2\/tags?post=3361"}],"curies":[{"name":"wp","href":"https:\/\/api.w.org\/{rel}","templated":true}]}}